{"id":23865,"date":"2021-09-02T05:19:00","date_gmt":"2021-09-02T03:19:00","guid":{"rendered":"http:\/\/www.kulturtechno.de\/?p=23865"},"modified":"2021-08-31T11:25:47","modified_gmt":"2021-08-31T09:25:47","slug":"querlenker-kommen-zu-wort","status":"publish","type":"post","link":"http:\/\/www.kulturtechno.de\/?p=23865","title":{"rendered":"Querlenker kommen zu Wort"},"content":{"rendered":"<p>&#8222;Gurtpflicht ist der Einstieg in die Diktatur!&#8220;<br \/>\nWor\u00fcber die gleichgeschaltete Mainstreampresse schweigt, hier wird es endlich ausgesprochen. Wacht auf!<\/p>\n<blockquote class=\"twitter-tweet\">\n<p lang=\"de\" dir=\"ltr\">Mein Schwager kennt jemanden, der hat Parkinson vom Anti-Blockier-System (ABS) bekommen. Nur wer selbst bremst, kann sich sch\u00fctzen!<\/p>\n<p>&mdash; Marcus Ewald (@maewald) <a href=\"https:\/\/twitter.com\/maewald\/status\/1432411990455209987?ref_src=twsrc%5Etfw\">August 30, 2021<\/a><\/p><\/blockquote>\n<p> <script async src=\"https:\/\/platform.twitter.com\/widgets.js\" charset=\"utf-8\"><\/script> <\/p>\n<blockquote class=\"twitter-tweet\">\n<p lang=\"de\" dir=\"ltr\">Wer Kinder anschnallt, klemmt oft aus Versehen Kinderfinger ein. Die Langzeitfolge: Arthrose schon mit 14! Bald laufen \u00fcberall Teenager mit Knollenfingern rum. Wollen wir das?<\/p>\n<p>&mdash; Marcus Ewald (@maewald) <a href=\"https:\/\/twitter.com\/maewald\/status\/1432413578242441216?ref_src=twsrc%5Etfw\">August 30, 2021<\/a><\/p><\/blockquote>\n<p> <script async src=\"https:\/\/platform.twitter.com\/widgets.js\" charset=\"utf-8\"><\/script> <\/p>\n<blockquote class=\"twitter-tweet\">\n<p lang=\"de\" dir=\"ltr\">Ist es Zufall, dass Geschwindigkeits-\u00dcberschreitungen verst\u00e4rkt da gemessen werden, wo Blitzer stehen? Wohl kaum.<\/p>\n<p>Blitzer weg f\u00fcr sichereren Verkehr!<\/p>\n<p>&mdash; Marcus Ewald (@maewald) <a href=\"https:\/\/twitter.com\/maewald\/status\/1432423298294485005?ref_src=twsrc%5Etfw\">August 30, 2021<\/a><\/p><\/blockquote>\n<p> <script async src=\"https:\/\/platform.twitter.com\/widgets.js\" charset=\"utf-8\"><\/script> <\/p>\n<blockquote class=\"twitter-tweet\">\n<p lang=\"de\" dir=\"ltr\">Wenn Kinder bereits fr\u00fch den ersten Verkehrsunfall hatten, fahren sie als Erwachsene sp\u00e4ter vorsichtiger.<\/p>\n<p>Nat\u00fcrliche Fahrsicherheit statt Kinder-Gurtpflicht!<a href=\"https:\/\/t.co\/ZbAcwwc7aj\">https:\/\/t.co\/ZbAcwwc7aj<\/a><\/p>\n<p>&mdash; Marcus Ewald (@maewald) <a href=\"https:\/\/twitter.com\/maewald\/status\/1432424219841867782?ref_src=twsrc%5Etfw\">August 30, 2021<\/a><\/p><\/blockquote>\n<p> <script async src=\"https:\/\/platform.twitter.com\/widgets.js\" charset=\"utf-8\"><\/script> <\/p>\n<blockquote class=\"twitter-tweet\">\n<p lang=\"de\" dir=\"ltr\">Wenn Geschwindigkeitslimits angeblich so gesund sind, wieso fahren Rettungsw\u00e4gen dann so schnell?<\/p>\n<p>&mdash; Marcus Ewald (@maewald) <a href=\"https:\/\/twitter.com\/maewald\/status\/1432428671801958400?ref_src=twsrc%5Etfw\">August 30, 2021<\/a><\/p><\/blockquote>\n<p> <script async src=\"https:\/\/platform.twitter.com\/widgets.js\" charset=\"utf-8\"><\/script> <\/p>\n<blockquote class=\"twitter-tweet\">\n<p lang=\"de\" dir=\"ltr\">\u00dcber 95% aller Verkehrstoten waren angeschnallt *und* hatten Airbag.<\/p>\n<p>&mdash; Marcus Ewald (@maewald) <a href=\"https:\/\/twitter.com\/maewald\/status\/1432429838275596289?ref_src=twsrc%5Etfw\">August 30, 2021<\/a><\/p><\/blockquote>\n<p> <script async src=\"https:\/\/platform.twitter.com\/widgets.js\" charset=\"utf-8\"><\/script> <\/p>\n<blockquote class=\"twitter-tweet\">\n<p lang=\"de\" dir=\"ltr\">Meine Tochter durfte die Klassenfahrt nicht mitfahren, weil wir Anschnallen ablehnen. <\/p>\n<p>Dabei sagt sie mir immer: \u201cPapi, ich kann mit Gurt nicht atmen!\u201c<\/p>\n<p>Das ist doch keine echte Kindheit. <\/p>\n<p>(H\/t <a href=\"https:\/\/twitter.com\/CorneliusRoemer?ref_src=twsrc%5Etfw\">@CorneliusRoemer<\/a>)<\/p>\n<p>&mdash; Marcus Ewald (@maewald) <a href=\"https:\/\/twitter.com\/maewald\/status\/1432445838626807818?ref_src=twsrc%5Etfw\">August 30, 2021<\/a><\/p><\/blockquote>\n<p> <script async src=\"https:\/\/platform.twitter.com\/widgets.js\" charset=\"utf-8\"><\/script> <\/p>\n<blockquote class=\"twitter-tweet\">\n<p lang=\"de\" dir=\"ltr\">Kinderk\u00f6pfe vor Helmen sch\u00fctzen!<\/p>\n<p>Denn was ist gr\u00f6\u00dfer: Der Schaden der Sch\u00e4delverformung durch dauerhaft Helme auf Kinderk\u00f6pfen oder der durch den Sturz aus oft nur 50cm (!) H\u00f6he?<\/p>\n<p>Es gibt ~keine~ Studien dazu, die StHKo bleibt stumm. Schweigekartell!<\/p>\n<p>&mdash; Marcus Ewald (@maewald) <a href=\"https:\/\/twitter.com\/maewald\/status\/1432446951132438538?ref_src=twsrc%5Etfw\">August 30, 2021<\/a><\/p><\/blockquote>\n<p> <script async src=\"https:\/\/platform.twitter.com\/widgets.js\" charset=\"utf-8\"><\/script> <\/p>\n<blockquote class=\"twitter-tweet\">\n<p lang=\"de\" dir=\"ltr\">Wir haben doch super Rettungsdienste!<\/p>\n<p>Die Anschnallpflicht sollte daher erst bei mehr als 1.000 Verkehrstoten pro Monat gelten.<\/p>\n<p>&mdash; Marcus Ewald (@maewald) <a href=\"https:\/\/twitter.com\/maewald\/status\/1432453896786567173?ref_src=twsrc%5Etfw\">August 30, 2021<\/a><\/p><\/blockquote>\n<p> <script async src=\"https:\/\/platform.twitter.com\/widgets.js\" charset=\"utf-8\"><\/script> <\/p>\n<blockquote class=\"twitter-tweet\">\n<p lang=\"de\" dir=\"ltr\">Gerade gute Autofahrer haben oft nur leichte bis mittelschwere Unf\u00e4lle. Deshalb brauchen sie auch keine Airbags oder Anschnallgurte.<\/p>\n<p>&mdash; Marcus Ewald (@maewald) <a href=\"https:\/\/twitter.com\/maewald\/status\/1432464699225001984?ref_src=twsrc%5Etfw\">August 30, 2021<\/a><\/p><\/blockquote>\n<p> <script async src=\"https:\/\/platform.twitter.com\/widgets.js\" charset=\"utf-8\"><\/script> <\/p>\n<blockquote class=\"twitter-tweet\">\n<p lang=\"und\" dir=\"ltr\"><a href=\"https:\/\/t.co\/yDmsRXDKye\">https:\/\/t.co\/yDmsRXDKye<\/a><\/p>\n<p>&mdash; Marcus Ewald (@maewald) <a href=\"https:\/\/twitter.com\/maewald\/status\/1432466798897680387?ref_src=twsrc%5Etfw\">August 30, 2021<\/a><\/p><\/blockquote>\n<p> <script async src=\"https:\/\/platform.twitter.com\/widgets.js\" charset=\"utf-8\"><\/script> <\/p>\n<blockquote class=\"twitter-tweet\">\n<p lang=\"de\" dir=\"ltr\">\u201cLong Accidents\u201c ist ein Mythos. Was sollen denn bitte die Langzeitfolgen eines *Unfalls* sein? Ich hatte mir als Kind X-mal die Knie aufgesch\u00fcrft und es hat mir auch nicht geschadet.<\/p>\n<p>&mdash; Marcus Ewald (@maewald) <a href=\"https:\/\/twitter.com\/maewald\/status\/1432468012175605760?ref_src=twsrc%5Etfw\">August 30, 2021<\/a><\/p><\/blockquote>\n<p> <script async src=\"https:\/\/platform.twitter.com\/widgets.js\" charset=\"utf-8\"><\/script> <\/p>\n<blockquote class=\"twitter-tweet\">\n<p lang=\"de\" dir=\"ltr\">Blinken sch\u00fctzt doch nur die Alten und Unaufmerksamen. Wer mit offenen Augen durchs Leben geht, sieht auch, wenn ich <a href=\"https:\/\/twitter.com\/hashtag\/querlenke?src=hash&amp;ref_src=twsrc%5Etfw\">#querlenke<\/a>. Wer das nicht kann, soll halt zu Hause bleiben.<\/p>\n<p>&mdash; Marcus Ewald (@maewald) <a href=\"https:\/\/twitter.com\/maewald\/status\/1432471393845891072?ref_src=twsrc%5Etfw\">August 30, 2021<\/a><\/p><\/blockquote>\n<p> <script async src=\"https:\/\/platform.twitter.com\/widgets.js\" charset=\"utf-8\"><\/script> <\/p>\n<blockquote class=\"twitter-tweet\">\n<p lang=\"de\" dir=\"ltr\">Ich habe mein Auto selbst untersucht und festgestellt, dass es fahrt\u00fcchtig ist. Wozu brauche ich denn jetzt noch den T\u00dcV? <\/p>\n<p>Do your own research!<\/p>\n<p>Du kennst Dein Auto ja wohl besser als irgendein \u201cExperte\u201c.<\/p>\n<p>&mdash; Marcus Ewald (@maewald) <a href=\"https:\/\/twitter.com\/maewald\/status\/1432477388231880705?ref_src=twsrc%5Etfw\">August 30, 2021<\/a><\/p><\/blockquote>\n<p> <script async src=\"https:\/\/platform.twitter.com\/widgets.js\" charset=\"utf-8\"><\/script> <\/p>\n<blockquote class=\"twitter-tweet\">\n<p lang=\"de\" dir=\"ltr\">So, und *das* ist jetzt ein Problem? &#x1f923; <\/p>\n<p>Nur noch 3.500 Tote pro Jahr und unser nat\u00fcrliches Bremsverhalten wird trotzdem mit Anti-Blockier-System (ABS) geg\u00e4ngelt. <a href=\"https:\/\/t.co\/tZXnrSDZ49\">pic.twitter.com\/tZXnrSDZ49<\/a><\/p>\n<p>&mdash; Marcus Ewald (@maewald) <a href=\"https:\/\/twitter.com\/maewald\/status\/1432587221404635137?ref_src=twsrc%5Etfw\">August 31, 2021<\/a><\/p><\/blockquote>\n<p> <script async src=\"https:\/\/platform.twitter.com\/widgets.js\" charset=\"utf-8\"><\/script> <\/p>\n<blockquote class=\"twitter-tweet\">\n<p lang=\"de\" dir=\"ltr\">Wenn Airbag, Gurte und ABS so toll sind, wieso gibt es dann \u00fcberhaupt eine Promille-Grenze am Steuer?<\/p>\n<p>Fragt euch: Cui Bono? <a href=\"https:\/\/twitter.com\/hashtag\/NStVO?src=hash&amp;ref_src=twsrc%5Etfw\">#NStVO<\/a>?<\/p>\n<p>&mdash; Marcus Ewald (@maewald) <a href=\"https:\/\/twitter.com\/maewald\/status\/1432592238312370176?ref_src=twsrc%5Etfw\">August 31, 2021<\/a><\/p><\/blockquote>\n<p> <script async src=\"https:\/\/platform.twitter.com\/widgets.js\" charset=\"utf-8\"><\/script> <\/p>\n<blockquote class=\"twitter-tweet\">\n<p lang=\"de\" dir=\"ltr\">Mein Heilpraktiker hat mir einen nat\u00fcrlichen Anschnallgurt aus Flachs geh\u00e4kelt. Den binde ich mir um den Kopf und bin genauso sicher.<\/p>\n<p>&mdash; Marcus Ewald (@maewald) <a href=\"https:\/\/twitter.com\/maewald\/status\/1432594217998725121?ref_src=twsrc%5Etfw\">August 31, 2021<\/a><\/p><\/blockquote>\n<p> <script async src=\"https:\/\/platform.twitter.com\/widgets.js\" charset=\"utf-8\"><\/script> <\/p>\n<blockquote class=\"twitter-tweet\">\n<p lang=\"de\" dir=\"ltr\">Wir sollten die Promille-Grenze f\u00fcrs Autofahren k\u00fcnftig dynamisch an die Auslastung der Intensivstationen koppeln.<\/p>\n<p>&mdash; Halle Verkehrt #KlimaVorAcht (@HalleVerkehrt) <a href=\"https:\/\/twitter.com\/HalleVerkehrt\/status\/1432592130321571843?ref_src=twsrc%5Etfw\">August 31, 2021<\/a><\/p><\/blockquote>\n<p> <script async src=\"https:\/\/platform.twitter.com\/widgets.js\" charset=\"utf-8\"><\/script> <\/p>\n<blockquote class=\"twitter-tweet\">\n<p lang=\"de\" dir=\"ltr\">Wenn gen\u00fcgend Leute mit Verkehrsunf\u00e4llen im Krankenhaus liegen, fahren die anderen schon von alleine vorsichtiger. <\/p>\n<p>~ Gurtpflicht ist der Einstieg in die Diktatur! <br \/>~ Knautschzonen verweichlichen!<br \/>~ Ein Airbag sch\u00fctzt auch nicht 100%!<\/p>\n<p>&mdash; Marcus Ewald (@maewald) <a href=\"https:\/\/twitter.com\/maewald\/status\/1432411697977958407?ref_src=twsrc%5Etfw\">August 30, 2021<\/a><\/p><\/blockquote>\n<p> <script async src=\"https:\/\/platform.twitter.com\/widgets.js\" charset=\"utf-8\"><\/script> <\/p>\n","protected":false},"excerpt":{"rendered":"<p>&#8222;Gurtpflicht ist der Einstieg in die Diktatur!&#8220; Wor\u00fcber die gleichgeschaltete Mainstreampresse schweigt, hier wird es endlich ausgesprochen. Wacht auf! Mein Schwager kennt jemanden, der hat Parkinson vom Anti-Blockier-System (ABS) bekommen. Nur wer selbst bremst, kann sich sch\u00fctzen! &mdash; Marcus Ewald (@maewald) August 30, 2021 Wer Kinder anschnallt, klemmt oft aus Versehen Kinderfinger ein. Die Langzeitfolge: [&hellip;]<\/p>\n","protected":false},"author":1,"featured_media":0,"comment_status":"open","ping_status":"open","sticky":false,"template":"","format":"standard","meta":{"_links_to":"","_links_to_target":"","footnotes":""},"categories":[10],"tags":[],"class_list":["post-23865","post","type-post","status-publish","format-standard","hentry","category-aufklaerung"],"_links":{"self":[{"href":"http:\/\/www.kulturtechno.de\/index.php?rest_route=\/wp\/v2\/posts\/23865"}],"collection":[{"href":"http:\/\/www.kulturtechno.de\/index.php?rest_route=\/wp\/v2\/posts"}],"about":[{"href":"http:\/\/www.kulturtechno.de\/index.php?rest_route=\/wp\/v2\/types\/post"}],"author":[{"embeddable":true,"href":"http:\/\/www.kulturtechno.de\/index.php?rest_route=\/wp\/v2\/users\/1"}],"replies":[{"embeddable":true,"href":"http:\/\/www.kulturtechno.de\/index.php?rest_route=%2Fwp%2Fv2%2Fcomments&post=23865"}],"version-history":[{"count":2,"href":"http:\/\/www.kulturtechno.de\/index.php?rest_route=\/wp\/v2\/posts\/23865\/revisions"}],"predecessor-version":[{"id":23867,"href":"http:\/\/www.kulturtechno.de\/index.php?rest_route=\/wp\/v2\/posts\/23865\/revisions\/23867"}],"wp:attachment":[{"href":"http:\/\/www.kulturtechno.de\/index.php?rest_route=%2Fwp%2Fv2%2Fmedia&parent=23865"}],"wp:term":[{"taxonomy":"category","embeddable":true,"href":"http:\/\/www.kulturtechno.de\/index.php?rest_route=%2Fwp%2Fv2%2Fcategories&post=23865"},{"taxonomy":"post_tag","embeddable":true,"href":"http:\/\/www.kulturtechno.de\/index.php?rest_route=%2Fwp%2Fv2%2Ftags&post=23865"}],"curies":[{"name":"wp","href":"https:\/\/api.w.org\/{rel}","templated":true}]}}