{"id":23602,"date":"2021-05-25T05:22:34","date_gmt":"2021-05-25T03:22:34","guid":{"rendered":"http:\/\/www.kulturtechno.de\/?p=23602"},"modified":"2021-05-23T18:23:54","modified_gmt":"2021-05-23T16:23:54","slug":"gesang-der-impflinge","status":"publish","type":"post","link":"http:\/\/www.kulturtechno.de\/?p=23602","title":{"rendered":"Gesang der Impflinge"},"content":{"rendered":"<p>Nachdem letzten Herbst schon \u00fcber die &#8222;Knuffelkontakte&#8220; gewitzelt wurde.<\/p>\n<blockquote class=\"twitter-tweet\">\n<p lang=\"de\" dir=\"ltr\">K. Stockhausen, &quot;Priorit\u00e4tsgruppen&quot; f\u00fcr 3 Orchester<\/p>\n<p>&mdash; Kreidler (@_Kreidler) <a href=\"https:\/\/twitter.com\/_Kreidler\/status\/1396007759762628610?ref_src=twsrc%5Etfw\">May 22, 2021<\/a><\/p><\/blockquote>\n<p> <script async src=\"https:\/\/platform.twitter.com\/widgets.js\" charset=\"utf-8\"><\/script> <\/p>\n","protected":false},"excerpt":{"rendered":"<p>Nachdem letzten Herbst schon \u00fcber die &#8222;Knuffelkontakte&#8220; gewitzelt wurde. K. Stockhausen, &quot;Priorit\u00e4tsgruppen&quot; f\u00fcr 3 Orchester &mdash; Kreidler (@_Kreidler) May 22, 2021<\/p>\n","protected":false},"author":1,"featured_media":0,"comment_status":"open","ping_status":"open","sticky":false,"template":"","format":"standard","meta":{"_links_to":"","_links_to_target":"","footnotes":""},"categories":[17],"tags":[],"class_list":["post-23602","post","type-post","status-publish","format-standard","hentry","category-sonstiges"],"_links":{"self":[{"href":"http:\/\/www.kulturtechno.de\/index.php?rest_route=\/wp\/v2\/posts\/23602"}],"collection":[{"href":"http:\/\/www.kulturtechno.de\/index.php?rest_route=\/wp\/v2\/posts"}],"about":[{"href":"http:\/\/www.kulturtechno.de\/index.php?rest_route=\/wp\/v2\/types\/post"}],"author":[{"embeddable":true,"href":"http:\/\/www.kulturtechno.de\/index.php?rest_route=\/wp\/v2\/users\/1"}],"replies":[{"embeddable":true,"href":"http:\/\/www.kulturtechno.de\/index.php?rest_route=%2Fwp%2Fv2%2Fcomments&post=23602"}],"version-history":[{"count":2,"href":"http:\/\/www.kulturtechno.de\/index.php?rest_route=\/wp\/v2\/posts\/23602\/revisions"}],"predecessor-version":[{"id":23604,"href":"http:\/\/www.kulturtechno.de\/index.php?rest_route=\/wp\/v2\/posts\/23602\/revisions\/23604"}],"wp:attachment":[{"href":"http:\/\/www.kulturtechno.de\/index.php?rest_route=%2Fwp%2Fv2%2Fmedia&parent=23602"}],"wp:term":[{"taxonomy":"category","embeddable":true,"href":"http:\/\/www.kulturtechno.de\/index.php?rest_route=%2Fwp%2Fv2%2Fcategories&post=23602"},{"taxonomy":"post_tag","embeddable":true,"href":"http:\/\/www.kulturtechno.de\/index.php?rest_route=%2Fwp%2Fv2%2Ftags&post=23602"}],"curies":[{"name":"wp","href":"https:\/\/api.w.org\/{rel}","templated":true}]}}