{"id":22360,"date":"2020-03-15T05:59:19","date_gmt":"2020-03-15T03:59:19","guid":{"rendered":"http:\/\/www.kulturtechno.de\/?p=22360"},"modified":"2020-03-08T15:10:42","modified_gmt":"2020-03-08T13:10:42","slug":"links-in-eigener-sache-12","status":"publish","type":"post","link":"http:\/\/www.kulturtechno.de\/?p=22360","title":{"rendered":"Links in eigener Sache"},"content":{"rendered":"<p>-Dejana Sekulic, B\u00fchnenbildnerin meines Musiktheaters <a href=\"http:\/\/www.kreidler-net.de\/werke\/sa.htm\">Selbstausl\u00f6ser<\/a>, hat zu der Arbeit am St\u00fcck ein Videointerview gegeben<br \/>\n<iframe loading=\"lazy\" width=\"500\" height=\"281\" src=\"https:\/\/www.youtube.com\/embed\/dtcnYgxLC80\" frameborder=\"0\" allow=\"accelerometer; autoplay; encrypted-media; gyroscope; picture-in-picture\" allowfullscreen><\/iframe><br \/>\n-Stefan Hetzel hat ein Referat von Oliver Wiener \u00fcber mein St\u00fcck Fremdarbeit <a href=\"https:\/\/stefanhetzel.wordpress.com\/2019\/12\/15\/styles-statements\/\">gefunden<\/a><br \/>\n-Rei Nakamura hat eine Radiosendung \u00fcber ihre Arbeit mit Komponist*innen f\u00fcr Duetschlandfunk Kultur <a href=\"https:\/\/www.deutschlandfunkkultur.de\/arbeitsteilung-in-der-neuen-musik-ueber-die-rolle-der.3819.de.html?dram:article_id=467582\">gemacht<\/a>, darin auch die Kooperation mit mir (<a href=\"http:\/\/www.kreidler-net.de\/werke\/studyforpiano.htm\">Studie f\u00fcr Klavier, Audio- und Videozuspielung<\/a>)<br \/>\n-WDR3 hat die <a href=\"https:\/\/www.amazon.de\/dp\/B07YMFZ5FW?fbclid=IwAR2xuypHGj5L0K7Qen7M7jCmfyxJ_4peLuQySBMqdf-co023U659_WhxHR8\">CD-Einspielung<\/a> meiner Klavierwerke durch Martin Tchiba <a href=\"https:\/\/www1.wdr.de\/radio\/wdr3\/musik\/drei-von-jetzt-100.html\">rezensiert<\/a><br \/>\n-ebenfalls <a href=\"https:\/\/www.nmz.de\/artikel\/postkolonialistische-materialoekonomie\">rezensiert <\/a>worden ist die CD in der NMZ und in der <a href=\"https:\/\/www.saarbruecker-zeitung.de\/saarland\/saar-kultur\/pianist-martin-tchiba-legt-ein-meisterliches-album-vor_aid-48089363\">Saarbr\u00fccker Zeitung<\/a><br \/>\n-In der FAZ stand vor ein paar Wochen ein <a href=\"https:\/\/www.faz.net\/aktuell\/wissen\/geist-soziales\/klatschen-und-jetzt-alle-16556146.html?printPagedArticle=true#pageIndex_2\">Artikel <\/a>\u00fcber die Kultur des Klatschens, darin auch meine <a href=\"http:\/\/www.kreidler-net.de\/theorie\/kreidler__gegen_applaus.pdf\">Aversion <\/a>referiert.<br \/>\n-Zach Seely hat auf ein Meme von mir <a href=\"https:\/\/twitter.com\/zunityofone\/status\/1234920697631248384?s=04&#038;fbclid=IwAR2HWx_V3AXU5A-CX34Nr8kf79lzgPeXkmS_pVz_8t5WzXis06V9x2qV-Dg\">reagiert<\/a><\/p>\n","protected":false},"excerpt":{"rendered":"<p>-Dejana Sekulic, B\u00fchnenbildnerin meines Musiktheaters Selbstausl\u00f6ser, hat zu der Arbeit am St\u00fcck ein Videointerview gegeben -Stefan Hetzel hat ein Referat von Oliver Wiener \u00fcber mein St\u00fcck Fremdarbeit gefunden -Rei Nakamura hat eine Radiosendung \u00fcber ihre Arbeit mit Komponist*innen f\u00fcr Duetschlandfunk Kultur gemacht, darin auch die Kooperation mit mir (Studie f\u00fcr Klavier, Audio- und Videozuspielung) -WDR3 [&hellip;]<\/p>\n","protected":false},"author":1,"featured_media":0,"comment_status":"open","ping_status":"open","sticky":false,"template":"","format":"standard","meta":{"_links_to":"","_links_to_target":"","footnotes":""},"categories":[3],"tags":[],"class_list":["post-22360","post","type-post","status-publish","format-standard","hentry","category-id"],"_links":{"self":[{"href":"http:\/\/www.kulturtechno.de\/index.php?rest_route=\/wp\/v2\/posts\/22360"}],"collection":[{"href":"http:\/\/www.kulturtechno.de\/index.php?rest_route=\/wp\/v2\/posts"}],"about":[{"href":"http:\/\/www.kulturtechno.de\/index.php?rest_route=\/wp\/v2\/types\/post"}],"author":[{"embeddable":true,"href":"http:\/\/www.kulturtechno.de\/index.php?rest_route=\/wp\/v2\/users\/1"}],"replies":[{"embeddable":true,"href":"http:\/\/www.kulturtechno.de\/index.php?rest_route=%2Fwp%2Fv2%2Fcomments&post=22360"}],"version-history":[{"count":3,"href":"http:\/\/www.kulturtechno.de\/index.php?rest_route=\/wp\/v2\/posts\/22360\/revisions"}],"predecessor-version":[{"id":22362,"href":"http:\/\/www.kulturtechno.de\/index.php?rest_route=\/wp\/v2\/posts\/22360\/revisions\/22362"}],"wp:attachment":[{"href":"http:\/\/www.kulturtechno.de\/index.php?rest_route=%2Fwp%2Fv2%2Fmedia&parent=22360"}],"wp:term":[{"taxonomy":"category","embeddable":true,"href":"http:\/\/www.kulturtechno.de\/index.php?rest_route=%2Fwp%2Fv2%2Fcategories&post=22360"},{"taxonomy":"post_tag","embeddable":true,"href":"http:\/\/www.kulturtechno.de\/index.php?rest_route=%2Fwp%2Fv2%2Ftags&post=22360"}],"curies":[{"name":"wp","href":"https:\/\/api.w.org\/{rel}","templated":true}]}}