{"id":22343,"date":"2020-03-13T05:49:09","date_gmt":"2020-03-13T03:49:09","guid":{"rendered":"http:\/\/www.kulturtechno.de\/?p=22343"},"modified":"2020-03-08T14:51:45","modified_gmt":"2020-03-08T12:51:45","slug":"upcoming-sheet-music-exhibition-in-lyon-grame-biennale-des-musiques-exploratoires-18-28-3","status":"publish","type":"post","link":"http:\/\/www.kulturtechno.de\/?p=22343","title":{"rendered":"upcoming &#8211; sheet music exhibition in Lyon &#8211; GRAME \/ Biennale des Musiques Exploratoires, 18.-28.3."},"content":{"rendered":"<blockquote><p>\u2014 Qu\u2019est-ce que \u00e7a veut dire, moderato cantabile ?<br \/>\n\u2014 Je ne sais pas.<br \/>\nMarguerite Duras<\/p>\n<p>Que serait notre vision du monde et de la soci\u00e9t\u00e9 si, au lieu des formes g\u00e9om\u00e9triques \u00e9l\u00e9mentaires (cercles, triangles, rectangles), la stylisation des motifs visuels s\u2019\u00e9tait faite selon un autre syst\u00e8me de signes \u2014 la notation musicale par exemple ? Cette question apparemment incongrue a men\u00e9 Johannes Kreidler, musicien de formation, \u00e0 d\u00e9velopper un langage pictural radicalement diff\u00e9rent : \u00ab Tout \u00e0 coup, raconte-t-il, je ne lisais plus seulement les notes, je les voyais aussi \u2014 je les voyais m\u00eame deux fois : en tant que symboles repr\u00e9sentatifs du discours musical bien s\u00fbr, mais, dans le m\u00eame temps, en tant qu\u2019\u00e9l\u00e9ments picturaux ind\u00e9pendants. Avec des notes, je peux non seulement \u00e9crire de la musique, mais consigner \u00e9galement des objets, des \u00e9v\u00e9nements, des mots et des pens\u00e9es \u00bb.<\/p>\n<p>Ainsi la partition transcende-t-elle le musical, pour gagner un territoire entre figuration et abstraction, formant des relations directes ou associatives avec d\u2019autres signifiants, visuels, linguistiques, philosophiques, historiques ou m\u00eame \u2014 pourquoi pas ? \u2014 musicaux\u2026 La concentration minimaliste de ces images imprim\u00e9es, \u00e0 laquelle s\u2019ajoute l\u2019humour souvent ravageur de l\u2019artiste (\u00ab Sheet music \u00bb, partition en anglais, ne peut-il pas s\u2019entendre aussi comme \u00ab Shit music \u00bb ?), entra\u00eenent ainsi nos perceptions dans un tourbillon s\u00e9mantique vertigineux.<\/p><\/blockquote>\n<p><img loading=\"lazy\" decoding=\"async\" src=\"http:\/\/www.sheetmusic-kreidler.com\/wp-content\/uploads\/2019\/12\/7X8A1072-2-WEB.jpg\" alt=\"\" width=\"500\" height=\"333\" \/><\/p>\n<p><a href=\"https:\/\/www.grame.fr\/evenements\/2020-03-sheet-music?fbclid=IwAR3eViDTs8uk-OBLfexlVTojNujDwq-_Cywtu-0xFZX5BoFsyJgtUvpSl94\">https:\/\/www.grame.fr\/evenements\/2020-03-sheet-music?fbclid=IwAR3eViDTs8uk-OBLfexlVTojNujDwq-_Cywtu-0xFZX5BoFsyJgtUvpSl94<\/a><\/p>\n","protected":false},"excerpt":{"rendered":"<p>\u2014 Qu\u2019est-ce que \u00e7a veut dire, moderato cantabile ? \u2014 Je ne sais pas. Marguerite Duras Que serait notre vision du monde et de la soci\u00e9t\u00e9 si, au lieu des formes g\u00e9om\u00e9triques \u00e9l\u00e9mentaires (cercles, triangles, rectangles), la stylisation des motifs visuels s\u2019\u00e9tait faite selon un autre syst\u00e8me de signes \u2014 la notation musicale par exemple [&hellip;]<\/p>\n","protected":false},"author":1,"featured_media":0,"comment_status":"open","ping_status":"open","sticky":false,"template":"","format":"standard","meta":{"_links_to":"","_links_to_target":"","footnotes":""},"categories":[3],"tags":[],"class_list":["post-22343","post","type-post","status-publish","format-standard","hentry","category-id"],"_links":{"self":[{"href":"http:\/\/www.kulturtechno.de\/index.php?rest_route=\/wp\/v2\/posts\/22343"}],"collection":[{"href":"http:\/\/www.kulturtechno.de\/index.php?rest_route=\/wp\/v2\/posts"}],"about":[{"href":"http:\/\/www.kulturtechno.de\/index.php?rest_route=\/wp\/v2\/types\/post"}],"author":[{"embeddable":true,"href":"http:\/\/www.kulturtechno.de\/index.php?rest_route=\/wp\/v2\/users\/1"}],"replies":[{"embeddable":true,"href":"http:\/\/www.kulturtechno.de\/index.php?rest_route=%2Fwp%2Fv2%2Fcomments&post=22343"}],"version-history":[{"count":1,"href":"http:\/\/www.kulturtechno.de\/index.php?rest_route=\/wp\/v2\/posts\/22343\/revisions"}],"predecessor-version":[{"id":22344,"href":"http:\/\/www.kulturtechno.de\/index.php?rest_route=\/wp\/v2\/posts\/22343\/revisions\/22344"}],"wp:attachment":[{"href":"http:\/\/www.kulturtechno.de\/index.php?rest_route=%2Fwp%2Fv2%2Fmedia&parent=22343"}],"wp:term":[{"taxonomy":"category","embeddable":true,"href":"http:\/\/www.kulturtechno.de\/index.php?rest_route=%2Fwp%2Fv2%2Fcategories&post=22343"},{"taxonomy":"post_tag","embeddable":true,"href":"http:\/\/www.kulturtechno.de\/index.php?rest_route=%2Fwp%2Fv2%2Ftags&post=22343"}],"curies":[{"name":"wp","href":"https:\/\/api.w.org\/{rel}","templated":true}]}}