{"id":22247,"date":"2020-01-13T05:54:05","date_gmt":"2020-01-13T03:54:05","guid":{"rendered":"http:\/\/www.kulturtechno.de\/?p=22247"},"modified":"2020-01-12T17:03:37","modified_gmt":"2020-01-12T15:03:37","slug":"komposition-studieren-in-basel","status":"publish","type":"post","link":"http:\/\/www.kulturtechno.de\/?p=22247","title":{"rendered":"Komposition studieren in Basel"},"content":{"rendered":"<p>Junge Komponisten, habt Ihr Interesse an einem Kompositionsstudium? Kommt nach Basel an die Musikakademie, mit renommierten Lehrer*innen, vielen Konzertm\u00f6glichkeiten, Projekten mit externen Partnern, und au\u00dferdem ist Basel eine wundersch\u00f6ne Stadt mit viel Musik, Kunst und Theater, nah an Deutschland und Frankreich, St\u00e4dten wie Freiburg und Z\u00fcrich. &#8222;Sonic Space&#8220; ist das Label, unter dem alle Neue-Musik-Aktivit\u00e4ten rund um die Musikakademie geb\u00fcndelt werden, mit einem fantastischen Team von Komponist*innen, Performer*innen und Wissenschaftler*innen. Wenn ihr irgendwelche Fragen dazu habt, z\u00f6gert nicht, mich zu kontaktieren.<br \/>\nBewerbungsfrist: 15.2.2020<br \/>\n<a href=\"https:\/\/www.fhnw.ch\/en\/degree-programmes\/music\/entrance-exams?fbclid=IwAR32yGlDqVkTlmv0xfkF3IjWEzQDa9yUFicuwjcf7dDNlGTrMTlBIyqx97c\">https:\/\/www.fhnw.ch\/\u2026\/degree-programmes\/music\/entrance-exams<\/a><br \/>\n<a href=\"https:\/\/www.sonicspacebasel.ch\/de.html\">https:\/\/www.sonicspacebasel.ch\/de.html<\/a><\/p>\n<p>Hier ein Essay, den ich \u00fcber meinen Komositionsunterricht in Basel geschrieben habe:<br \/>\n<a href=\"https:\/\/www.nmz.de\/artikel\/willkommen-im-institut-fuer-institutionenkritik?fbclid=IwAR0QL9ugSyDcjgopsViXIhWsTaGrqtmPfq5yFeCAuami5FZIETy2iJLE4gs\">https:\/\/www.nmz.de\/artikel\/willkommen-im-institut-fuer-institutionenkritik?fbclid=IwAR0QL9ugSyDcjgopsViXIhWsTaGrqtmPfq5yFeCAuami5FZIETy2iJLE4gs<\/a><\/p>\n<p><img decoding=\"async\" src=\"https:\/\/scontent.ftxl3-2.fna.fbcdn.net\/v\/t1.0-9\/82205717_10222408134859213_5805269193901211648_o.jpg?_nc_cat=106&#038;_nc_ohc=TQWBOybxJNUAQl8hngJOdrEBLMTbaN3nq3Kfx8Bk36CDUN98Y6f-dp8-A&#038;_nc_ht=scontent.ftxl3-2.fna&#038;oh=9736c6bf7828c8ff78a6f0c418599179&#038;oe=5EA1479A\" alt=\"\"  width=\"500\" width=\"710\" \/><\/p>\n<p><img decoding=\"async\" src=\"https:\/\/scontent.ftxl3-1.fna.fbcdn.net\/v\/t1.0-9\/82326603_10222408134699209_6909423926137323520_o.jpg?_nc_cat=111&#038;_nc_ohc=za1ZlUz9jzIAQldSIkTHQdJCE1yCMLNfxxx0B0LDPNE-MeuAt4gGM69aA&#038;_nc_ht=scontent.ftxl3-1.fna&#038;oh=5b28220f1106b65e4695d79b7fb7eea8&#038;oe=5EA189B7\" alt=\"\" width=\"500\" width=\"711\" \/><\/p>\n<p><img decoding=\"async\" src=\"https:\/\/scontent.ftxl3-1.fna.fbcdn.net\/v\/t1.0-9\/81976773_10222408134579206_6497665570383593472_o.jpg?_nc_cat=111&#038;_nc_ohc=wuowzknutKMAQlRLetYKeytVmGeMC20B9phtVRzeOwzFSd0MXj09-ETfw&#038;_nc_ht=scontent.ftxl3-1.fna&#038;oh=02c35089edc6e33ee54cdbb95745c866&#038;oe=5E9D12D3\" alt=\"\" width=\"500\" width=\"707\" \/><\/p>\n","protected":false},"excerpt":{"rendered":"<p>Junge Komponisten, habt Ihr Interesse an einem Kompositionsstudium? Kommt nach Basel an die Musikakademie, mit renommierten Lehrer*innen, vielen Konzertm\u00f6glichkeiten, Projekten mit externen Partnern, und au\u00dferdem ist Basel eine wundersch\u00f6ne Stadt mit viel Musik, Kunst und Theater, nah an Deutschland und Frankreich, St\u00e4dten wie Freiburg und Z\u00fcrich. &#8222;Sonic Space&#8220; ist das Label, unter dem alle Neue-Musik-Aktivit\u00e4ten [&hellip;]<\/p>\n","protected":false},"author":1,"featured_media":0,"comment_status":"open","ping_status":"open","sticky":false,"template":"","format":"standard","meta":{"_links_to":"","_links_to_target":"","footnotes":""},"categories":[3],"tags":[],"class_list":["post-22247","post","type-post","status-publish","format-standard","hentry","category-id"],"_links":{"self":[{"href":"http:\/\/www.kulturtechno.de\/index.php?rest_route=\/wp\/v2\/posts\/22247"}],"collection":[{"href":"http:\/\/www.kulturtechno.de\/index.php?rest_route=\/wp\/v2\/posts"}],"about":[{"href":"http:\/\/www.kulturtechno.de\/index.php?rest_route=\/wp\/v2\/types\/post"}],"author":[{"embeddable":true,"href":"http:\/\/www.kulturtechno.de\/index.php?rest_route=\/wp\/v2\/users\/1"}],"replies":[{"embeddable":true,"href":"http:\/\/www.kulturtechno.de\/index.php?rest_route=%2Fwp%2Fv2%2Fcomments&post=22247"}],"version-history":[{"count":2,"href":"http:\/\/www.kulturtechno.de\/index.php?rest_route=\/wp\/v2\/posts\/22247\/revisions"}],"predecessor-version":[{"id":22250,"href":"http:\/\/www.kulturtechno.de\/index.php?rest_route=\/wp\/v2\/posts\/22247\/revisions\/22250"}],"wp:attachment":[{"href":"http:\/\/www.kulturtechno.de\/index.php?rest_route=%2Fwp%2Fv2%2Fmedia&parent=22247"}],"wp:term":[{"taxonomy":"category","embeddable":true,"href":"http:\/\/www.kulturtechno.de\/index.php?rest_route=%2Fwp%2Fv2%2Fcategories&post=22247"},{"taxonomy":"post_tag","embeddable":true,"href":"http:\/\/www.kulturtechno.de\/index.php?rest_route=%2Fwp%2Fv2%2Ftags&post=22247"}],"curies":[{"name":"wp","href":"https:\/\/api.w.org\/{rel}","templated":true}]}}