{"id":21389,"date":"2019-04-30T05:39:15","date_gmt":"2019-04-30T03:39:15","guid":{"rendered":"http:\/\/www.kulturtechno.de\/?p=21389"},"modified":"2019-04-29T13:42:21","modified_gmt":"2019-04-29T11:42:21","slug":"bildbuch","status":"publish","type":"post","link":"http:\/\/www.kulturtechno.de\/?p=21389","title":{"rendered":"Bildbuch"},"content":{"rendered":"<p>Was f\u00fcr ein atemberaubender, herausfordernder, radikaler neuer Film von Godard. M\u00f6ge er 100 werden und nie aufh\u00f6ren, Filme zu machen.<\/p>\n<p><a href=\"https:\/\/www.spiegel.de\/images\/image-1407776-galleryV9-rbgl.jpg\" rel=\"lightbox[21389]\"><img loading=\"lazy\" decoding=\"async\" alt=\"\" src=\"https:\/\/www.spiegel.de\/images\/image-1407776-galleryV9-rbgl.jpg\" class=\"alignnone\" width=\"500\" height=\"275\" \/><\/a><\/p>\n<p>Achtung, der Film enth\u00e4lt einige Gewaltdarstellungen. Bei Arte bis 22.6. (leider mit sehr st\u00f6rendem Arte-Logo)<br \/>\n<a href=\"https:\/\/www.arte.tv\/de\/videos\/082224-000-A\/bildbuch\/?fbclid=IwAR33OtVo7-B-eZn-Z7h64Ks8Vb6MRd-b8Pwq-s6kC3rkhvyVqhwcm7RcfYg\">https:\/\/www.arte.tv\/de\/videos\/082224-000-A\/bildbuch\/?fbclid=IwAR33OtVo7-B-eZn-Z7h64Ks8Vb6MRd-b8Pwq-s6kC3rkhvyVqhwcm7RcfYg<\/a><\/p>\n","protected":false},"excerpt":{"rendered":"<p>Was f\u00fcr ein atemberaubender, herausfordernder, radikaler neuer Film von Godard. M\u00f6ge er 100 werden und nie aufh\u00f6ren, Filme zu machen. Achtung, der Film enth\u00e4lt einige Gewaltdarstellungen. Bei Arte bis 22.6. (leider mit sehr st\u00f6rendem Arte-Logo) https:\/\/www.arte.tv\/de\/videos\/082224-000-A\/bildbuch\/?fbclid=IwAR33OtVo7-B-eZn-Z7h64Ks8Vb6MRd-b8Pwq-s6kC3rkhvyVqhwcm7RcfYg<\/p>\n","protected":false},"author":1,"featured_media":0,"comment_status":"open","ping_status":"open","sticky":false,"template":"","format":"standard","meta":{"_links_to":"","_links_to_target":"","footnotes":""},"categories":[4],"tags":[],"class_list":["post-21389","post","type-post","status-publish","format-standard","hentry","category-museum"],"_links":{"self":[{"href":"http:\/\/www.kulturtechno.de\/index.php?rest_route=\/wp\/v2\/posts\/21389"}],"collection":[{"href":"http:\/\/www.kulturtechno.de\/index.php?rest_route=\/wp\/v2\/posts"}],"about":[{"href":"http:\/\/www.kulturtechno.de\/index.php?rest_route=\/wp\/v2\/types\/post"}],"author":[{"embeddable":true,"href":"http:\/\/www.kulturtechno.de\/index.php?rest_route=\/wp\/v2\/users\/1"}],"replies":[{"embeddable":true,"href":"http:\/\/www.kulturtechno.de\/index.php?rest_route=%2Fwp%2Fv2%2Fcomments&post=21389"}],"version-history":[{"count":2,"href":"http:\/\/www.kulturtechno.de\/index.php?rest_route=\/wp\/v2\/posts\/21389\/revisions"}],"predecessor-version":[{"id":21391,"href":"http:\/\/www.kulturtechno.de\/index.php?rest_route=\/wp\/v2\/posts\/21389\/revisions\/21391"}],"wp:attachment":[{"href":"http:\/\/www.kulturtechno.de\/index.php?rest_route=%2Fwp%2Fv2%2Fmedia&parent=21389"}],"wp:term":[{"taxonomy":"category","embeddable":true,"href":"http:\/\/www.kulturtechno.de\/index.php?rest_route=%2Fwp%2Fv2%2Fcategories&post=21389"},{"taxonomy":"post_tag","embeddable":true,"href":"http:\/\/www.kulturtechno.de\/index.php?rest_route=%2Fwp%2Fv2%2Ftags&post=21389"}],"curies":[{"name":"wp","href":"https:\/\/api.w.org\/{rel}","templated":true}]}}