{"id":20405,"date":"2018-09-15T05:47:36","date_gmt":"2018-09-15T03:47:36","guid":{"rendered":"http:\/\/www.kulturtechno.de\/?p=20405"},"modified":"2018-09-12T09:50:24","modified_gmt":"2018-09-12T07:50:24","slug":"kulenkampffs-schuhe","status":"publish","type":"post","link":"http:\/\/www.kulturtechno.de\/?p=20405","title":{"rendered":"Kulenkampffs Schuhe"},"content":{"rendered":"<p>Ein eindr\u00fccklicher Dokumentarfilm \u00fcber Spuren des Kriegstraumas im deutschen Unterhaltungsfernsehen.<\/p>\n<blockquote><p>\n    \u201eSchilling zeigt mit ihrer atemberaubend montierten Doku, wie Deutschland im Fernsehen die Traumata der Vergangenheit \u00fcberwand \u2013 und zu einem \u201aWir\u2018 wurde.\u201c<br \/>\n\u2013 Claudia Tieschky, S\u00fcddeutsche Zeitung<\/p>\n<p>    \u201eDas ist [\u2026] das Tolle an diesem Film, dass er es schafft, einen Zusammenhang herzustellen, der bislang nicht so stark beachtet wurde, die Bew\u00e4ltigung von deutscher Schuld und deutschem Trauma im Geiste von Unterhaltungsshows.\u201c<br \/>\n\u2013 Matthias Dell, Deutschlandfunk<\/p><\/blockquote>\n<p>(<a href=\"https:\/\/de.wikipedia.org\/wiki\/Kulenkampffs_Schuhe\">Wikipedia<\/a>)<\/p>\n<p><iframe loading=\"lazy\" width=\"500\" height=\"281\" src=\"https:\/\/www.youtube.com\/embed\/aeBsiN0sg3M\" frameborder=\"0\" allow=\"autoplay; encrypted-media\" allowfullscreen><\/iframe><\/p>\n<p>Siehe auch das Interview mit Kulenkampff, <a href=\"http:\/\/elfriedejelinek.com\/andremuller\/interview%20mit%20hans-joachim%20kulenkampff.html\">das Andr\u00e9 M\u00fcller f\u00fchrte<\/a>.<\/p>\n","protected":false},"excerpt":{"rendered":"<p>Ein eindr\u00fccklicher Dokumentarfilm \u00fcber Spuren des Kriegstraumas im deutschen Unterhaltungsfernsehen. \u201eSchilling zeigt mit ihrer atemberaubend montierten Doku, wie Deutschland im Fernsehen die Traumata der Vergangenheit \u00fcberwand \u2013 und zu einem \u201aWir\u2018 wurde.\u201c \u2013 Claudia Tieschky, S\u00fcddeutsche Zeitung \u201eDas ist [\u2026] das Tolle an diesem Film, dass er es schafft, einen Zusammenhang herzustellen, der bislang nicht [&hellip;]<\/p>\n","protected":false},"author":1,"featured_media":0,"comment_status":"open","ping_status":"open","sticky":false,"template":"","format":"standard","meta":{"_links_to":"","_links_to_target":"","footnotes":""},"categories":[4],"tags":[],"class_list":["post-20405","post","type-post","status-publish","format-standard","hentry","category-museum"],"_links":{"self":[{"href":"http:\/\/www.kulturtechno.de\/index.php?rest_route=\/wp\/v2\/posts\/20405"}],"collection":[{"href":"http:\/\/www.kulturtechno.de\/index.php?rest_route=\/wp\/v2\/posts"}],"about":[{"href":"http:\/\/www.kulturtechno.de\/index.php?rest_route=\/wp\/v2\/types\/post"}],"author":[{"embeddable":true,"href":"http:\/\/www.kulturtechno.de\/index.php?rest_route=\/wp\/v2\/users\/1"}],"replies":[{"embeddable":true,"href":"http:\/\/www.kulturtechno.de\/index.php?rest_route=%2Fwp%2Fv2%2Fcomments&post=20405"}],"version-history":[{"count":1,"href":"http:\/\/www.kulturtechno.de\/index.php?rest_route=\/wp\/v2\/posts\/20405\/revisions"}],"predecessor-version":[{"id":20406,"href":"http:\/\/www.kulturtechno.de\/index.php?rest_route=\/wp\/v2\/posts\/20405\/revisions\/20406"}],"wp:attachment":[{"href":"http:\/\/www.kulturtechno.de\/index.php?rest_route=%2Fwp%2Fv2%2Fmedia&parent=20405"}],"wp:term":[{"taxonomy":"category","embeddable":true,"href":"http:\/\/www.kulturtechno.de\/index.php?rest_route=%2Fwp%2Fv2%2Fcategories&post=20405"},{"taxonomy":"post_tag","embeddable":true,"href":"http:\/\/www.kulturtechno.de\/index.php?rest_route=%2Fwp%2Fv2%2Ftags&post=20405"}],"curies":[{"name":"wp","href":"https:\/\/api.w.org\/{rel}","templated":true}]}}