{"id":20221,"date":"2018-09-03T05:53:11","date_gmt":"2018-09-03T03:53:11","guid":{"rendered":"http:\/\/www.kulturtechno.de\/?p=20221"},"modified":"2018-06-14T18:36:16","modified_gmt":"2018-06-14T16:36:16","slug":"kunstliche-intelligenz-in-kunst-und-musik-vortragsvideo-von-harry-lehmann","status":"publish","type":"post","link":"http:\/\/www.kulturtechno.de\/?p=20221","title":{"rendered":"K\u00fcnstliche Intelligenz in Kunst und Musik &#8211; Vortragsvideo von Harry Lehmann"},"content":{"rendered":"<p><iframe loading=\"lazy\" width=\"500\" height=\"281\" src=\"https:\/\/www.youtube.com\/embed\/lfL_AG_N244\" frameborder=\"0\" allow=\"autoplay; encrypted-media\" allowfullscreen><\/iframe><\/p>\n<blockquote><p>Vortrag auf dem X. Kongress der Deutschen Gesellschaft f\u00fcr \u00c4sthetik am 17.2.2018 an der Hochschule f\u00fcr Gestaltung Offenbach am Main Siehe das Kapitel &#8222;KI-\u00c4sthetik&#8220; in Harry Lehmann: \u00c4sthetische Erfahrung \u2013 Eine Diskursanalyse, Paderborn: W. Fink 2016, S. 112-123<\/p><\/blockquote>\n","protected":false},"excerpt":{"rendered":"<p>Vortrag auf dem X. Kongress der Deutschen Gesellschaft f\u00fcr \u00c4sthetik am 17.2.2018 an der Hochschule f\u00fcr Gestaltung Offenbach am Main Siehe das Kapitel &#8222;KI-\u00c4sthetik&#8220; in Harry Lehmann: \u00c4sthetische Erfahrung \u2013 Eine Diskursanalyse, Paderborn: W. Fink 2016, S. 112-123<\/p>\n","protected":false},"author":1,"featured_media":0,"comment_status":"open","ping_status":"open","sticky":false,"template":"","format":"standard","meta":{"_links_to":"","_links_to_target":"","footnotes":""},"categories":[19],"tags":[],"class_list":["post-20221","post","type-post","status-publish","format-standard","hentry","category-theorie"],"_links":{"self":[{"href":"http:\/\/www.kulturtechno.de\/index.php?rest_route=\/wp\/v2\/posts\/20221"}],"collection":[{"href":"http:\/\/www.kulturtechno.de\/index.php?rest_route=\/wp\/v2\/posts"}],"about":[{"href":"http:\/\/www.kulturtechno.de\/index.php?rest_route=\/wp\/v2\/types\/post"}],"author":[{"embeddable":true,"href":"http:\/\/www.kulturtechno.de\/index.php?rest_route=\/wp\/v2\/users\/1"}],"replies":[{"embeddable":true,"href":"http:\/\/www.kulturtechno.de\/index.php?rest_route=%2Fwp%2Fv2%2Fcomments&post=20221"}],"version-history":[{"count":2,"href":"http:\/\/www.kulturtechno.de\/index.php?rest_route=\/wp\/v2\/posts\/20221\/revisions"}],"predecessor-version":[{"id":20315,"href":"http:\/\/www.kulturtechno.de\/index.php?rest_route=\/wp\/v2\/posts\/20221\/revisions\/20315"}],"wp:attachment":[{"href":"http:\/\/www.kulturtechno.de\/index.php?rest_route=%2Fwp%2Fv2%2Fmedia&parent=20221"}],"wp:term":[{"taxonomy":"category","embeddable":true,"href":"http:\/\/www.kulturtechno.de\/index.php?rest_route=%2Fwp%2Fv2%2Fcategories&post=20221"},{"taxonomy":"post_tag","embeddable":true,"href":"http:\/\/www.kulturtechno.de\/index.php?rest_route=%2Fwp%2Fv2%2Ftags&post=20221"}],"curies":[{"name":"wp","href":"https:\/\/api.w.org\/{rel}","templated":true}]}}