{"id":1976,"date":"2009-08-08T19:29:28","date_gmt":"2009-08-08T17:29:28","guid":{"rendered":"http:\/\/www.kulturtechno.de\/?p=1976"},"modified":"2009-08-08T19:29:28","modified_gmt":"2009-08-08T17:29:28","slug":"tageslink-21","status":"publish","type":"post","link":"http:\/\/www.kulturtechno.de\/?p=1976","title":{"rendered":"Tageslink"},"content":{"rendered":"<p>Ich bin ja schon <a href=\"http:\/\/www.kulturtechno.de\/?p=166\">lange<\/a> der \u00dcberzeugung, dass die Krise der Musikindustrie nicht nur eine der Medien, sondern auch der Inhalte ist. Kurz: Pop-Musik ist auch \u00e4sthetisch an ein Ende gekommen, nicht nur monet\u00e4r, und beides hat sich gegenseitig verst\u00e4rkt.<br \/>\nEin Indiz daf\u00fcr ist die Meldung, dass auch Pop-Zeitschriften in der Krise sind &#8211; was eigentlich nicht, zumindest nicht direkt, am Musikdownload liegen kann.<\/p>\n<p><a href=\"http:\/\/www.sueddeutsche.de\/35k38n\/2999433\/Mittlere-Wunder.html\">http:\/\/www.sueddeutsche.de\/35k38n\/2999433\/Mittlere-Wunder.html<\/a><\/p>\n<p>[ad#ad2]<\/p>\n","protected":false},"excerpt":{"rendered":"<p>Ich bin ja schon lange der \u00dcberzeugung, dass die Krise der Musikindustrie nicht nur eine der Medien, sondern auch der Inhalte ist. Kurz: Pop-Musik ist auch \u00e4sthetisch an ein Ende gekommen, nicht nur monet\u00e4r, und beides hat sich gegenseitig verst\u00e4rkt. Ein Indiz daf\u00fcr ist die Meldung, dass auch Pop-Zeitschriften in der Krise sind &#8211; was [&hellip;]<\/p>\n","protected":false},"author":1,"featured_media":0,"comment_status":"open","ping_status":"open","sticky":false,"template":"","format":"standard","meta":{"_links_to":"","_links_to_target":"","footnotes":""},"categories":[10],"tags":[],"class_list":["post-1976","post","type-post","status-publish","format-standard","hentry","category-aufklaerung"],"_links":{"self":[{"href":"http:\/\/www.kulturtechno.de\/index.php?rest_route=\/wp\/v2\/posts\/1976"}],"collection":[{"href":"http:\/\/www.kulturtechno.de\/index.php?rest_route=\/wp\/v2\/posts"}],"about":[{"href":"http:\/\/www.kulturtechno.de\/index.php?rest_route=\/wp\/v2\/types\/post"}],"author":[{"embeddable":true,"href":"http:\/\/www.kulturtechno.de\/index.php?rest_route=\/wp\/v2\/users\/1"}],"replies":[{"embeddable":true,"href":"http:\/\/www.kulturtechno.de\/index.php?rest_route=%2Fwp%2Fv2%2Fcomments&post=1976"}],"version-history":[{"count":1,"href":"http:\/\/www.kulturtechno.de\/index.php?rest_route=\/wp\/v2\/posts\/1976\/revisions"}],"predecessor-version":[{"id":1977,"href":"http:\/\/www.kulturtechno.de\/index.php?rest_route=\/wp\/v2\/posts\/1976\/revisions\/1977"}],"wp:attachment":[{"href":"http:\/\/www.kulturtechno.de\/index.php?rest_route=%2Fwp%2Fv2%2Fmedia&parent=1976"}],"wp:term":[{"taxonomy":"category","embeddable":true,"href":"http:\/\/www.kulturtechno.de\/index.php?rest_route=%2Fwp%2Fv2%2Fcategories&post=1976"},{"taxonomy":"post_tag","embeddable":true,"href":"http:\/\/www.kulturtechno.de\/index.php?rest_route=%2Fwp%2Fv2%2Ftags&post=1976"}],"curies":[{"name":"wp","href":"https:\/\/api.w.org\/{rel}","templated":true}]}}