{"id":19427,"date":"2017-10-12T05:06:07","date_gmt":"2017-10-12T03:06:07","guid":{"rendered":"http:\/\/www.kulturtechno.de\/?p=19427"},"modified":"2017-10-08T14:09:22","modified_gmt":"2017-10-08T12:09:22","slug":"hanno-ehrlers-radiofeature-zuruck-in-die-gegenwart-uber-diesseitige-musik","status":"publish","type":"post","link":"http:\/\/www.kulturtechno.de\/?p=19427","title":{"rendered":"Hanno Ehrlers Radiofeature &#8222;Zur\u00fcck in die Gegenwart&#8220; &#8211; \u00fcber >diesseitige< Musik"},"content":{"rendered":"<p>Im Sommer strahlte Deutschlandfunk dieses Feature von Hanno Ehrler aus, in dem auch meiner einer vorkommt. Jemand hat die Sendung mitgeschnitten und hochgeladen.<\/p>\n<blockquote><p>Diesseitigkeit<br \/>\nZur\u00fcck in die Gegenwart<\/p>\n<p>Urpl\u00f6tzlich ist zeitgen\u00f6ssisches Komponieren aus dem Dornr\u00f6schenschlaf aufgewacht. Mit einem Mal will sie sich nicht mehr im Elfenbeinturm verbergen. Man m\u00f6chte &#8222;diesseitig&#8220; sein, Gegenwart am eigenen Leibe versp\u00fcren und sich in dieser tummeln. Wie aber kommt es zu dieser pl\u00f6tzlichen Aktivit\u00e4t?<\/p>\n<p>Von Hanno Ehrler<\/p>\n<p>J\u00fcngere Komponistinnen und Komponisten sind mit dem Neue-Musik-Betrieb unzufrieden. Sie wollen ein gr\u00f6\u00dferes Publikum ansprechen, und eine zeitgen\u00f6ssische Musik, die auf ihre Lebenswelt reagiert. Mit Begriffen wie &#8222;Diesseitigkeit&#8220;, &#8222;neuer Konzeptionalismus&#8220; und &#8222;neue Disziplin&#8220; umschreiben sie ihren Wunsch, mit ihrer Musik die Gegenwart zu reflektieren. Solcherlei gab es in der Geschichte der Neuen Musik schon einmal. In den 1960er Jahren ging es darum, &#8222;politische Musik&#8220; schreiben, die sich mit der aktuellen Situation der Welt besch\u00e4ftigt. Autor Hanno Ehrler wirft in seinem Feature die Frage auf, ob der derzeitige Aufbruch der neuen Musik wirklich so neu ist, wie er sich gibt?<\/p><\/blockquote>\n<p><a href=\" http:\/\/www.deutschlandfunk.de\/diesseitigkeit-zurueck-in-die-gegenwart.1990.de.html?dram:article_id=387338\"><br \/>\nhttp:\/\/www.deutschlandfunk.de\/diesseitigkeit-zurueck-in-die-gegenwart.1990.de.html?dram:article_id=387338<br \/>\n<\/a><br \/>\n<iframe loading=\"lazy\" src=\"https:\/\/archive.org\/embed\/EhrlerDiesseitigkeitDLF16072017\" width=\"500\" height=\"140\" frameborder=\"0\" webkitallowfullscreen=\"true\" mozallowfullscreen=\"true\" allowfullscreen><\/iframe><\/p>\n","protected":false},"excerpt":{"rendered":"<p>Im Sommer strahlte Deutschlandfunk dieses Feature von Hanno Ehrler aus, in dem auch meiner einer vorkommt. Jemand hat die Sendung mitgeschnitten und hochgeladen. Diesseitigkeit Zur\u00fcck in die Gegenwart Urpl\u00f6tzlich ist zeitgen\u00f6ssisches Komponieren aus dem Dornr\u00f6schenschlaf aufgewacht. Mit einem Mal will sie sich nicht mehr im Elfenbeinturm verbergen. Man m\u00f6chte &#8222;diesseitig&#8220; sein, Gegenwart am eigenen Leibe [&hellip;]<\/p>\n","protected":false},"author":1,"featured_media":0,"comment_status":"open","ping_status":"open","sticky":false,"template":"","format":"standard","meta":{"_links_to":"","_links_to_target":"","footnotes":""},"categories":[3,4],"tags":[],"class_list":["post-19427","post","type-post","status-publish","format-standard","hentry","category-id","category-museum"],"_links":{"self":[{"href":"http:\/\/www.kulturtechno.de\/index.php?rest_route=\/wp\/v2\/posts\/19427"}],"collection":[{"href":"http:\/\/www.kulturtechno.de\/index.php?rest_route=\/wp\/v2\/posts"}],"about":[{"href":"http:\/\/www.kulturtechno.de\/index.php?rest_route=\/wp\/v2\/types\/post"}],"author":[{"embeddable":true,"href":"http:\/\/www.kulturtechno.de\/index.php?rest_route=\/wp\/v2\/users\/1"}],"replies":[{"embeddable":true,"href":"http:\/\/www.kulturtechno.de\/index.php?rest_route=%2Fwp%2Fv2%2Fcomments&post=19427"}],"version-history":[{"count":5,"href":"http:\/\/www.kulturtechno.de\/index.php?rest_route=\/wp\/v2\/posts\/19427\/revisions"}],"predecessor-version":[{"id":19429,"href":"http:\/\/www.kulturtechno.de\/index.php?rest_route=\/wp\/v2\/posts\/19427\/revisions\/19429"}],"wp:attachment":[{"href":"http:\/\/www.kulturtechno.de\/index.php?rest_route=%2Fwp%2Fv2%2Fmedia&parent=19427"}],"wp:term":[{"taxonomy":"category","embeddable":true,"href":"http:\/\/www.kulturtechno.de\/index.php?rest_route=%2Fwp%2Fv2%2Fcategories&post=19427"},{"taxonomy":"post_tag","embeddable":true,"href":"http:\/\/www.kulturtechno.de\/index.php?rest_route=%2Fwp%2Fv2%2Ftags&post=19427"}],"curies":[{"name":"wp","href":"https:\/\/api.w.org\/{rel}","templated":true}]}}