{"id":18952,"date":"2017-04-23T05:27:28","date_gmt":"2017-04-23T03:27:28","guid":{"rendered":"http:\/\/www.kulturtechno.de\/?p=18952"},"modified":"2017-04-23T13:59:19","modified_gmt":"2017-04-23T11:59:19","slug":"links-in-eigener-sache-5","status":"publish","type":"post","link":"http:\/\/www.kulturtechno.de\/?p=18952","title":{"rendered":"Links in eigener Sache"},"content":{"rendered":"<p>-Die <a href=\"http:\/\/www.kulturtechno.de\/?p=18942\">Portraitsendung <\/a>\u00fcber mich von Julia Sch\u00f6lzel auf BR-Klassik steht noch bis morgen zum Nachh\u00f6ren <a href=\"https:\/\/www.br-klassik.de\/programm\/radio\/ausstrahlung-1003756.html\">online<\/a>.<br \/>\n-Ich freue mich, dass Hans Schneider, Professor f\u00fcr Musikp\u00e4dagogik an der Musikhochschule Freiburg, in sein neues Buch ><a href=\"https:\/\/www.amazon.de\/musizieraktion-Anregungen-Ermittlung-experimenteller-Komponierweisen\/dp\/3897275449\">musizier-aktionen<\/a>< eine <a href=\"http:\/\/www.sheetmusic-kreidler.com\/\">Notationsgrafik <\/a>von mir aufgenommen hat.<\/p>\n<p><a href=\"http:\/\/www.kreidler-net.de\/kulturtechno-files\/schneider.jpg\" rel=\"lightbox[18952]\"><img loading=\"lazy\" decoding=\"async\" alt=\"\" src=\"http:\/\/www.kreidler-net.de\/kulturtechno-files\/schneider.jpg\" class=\"alignnone\" width=\"500\" height=\"377\" \/><\/a><\/p>\n<p>-Max Erwin hat einen <a href=\"http:\/\/www.musicandliterature.org\/features\/2017\/4\/13\/kulturmessiah-patrick-frank-and-the-roads-to-freedom\">Text \u00fcber den Komponisten Patrick Frank<\/a> geschrieben und darin auch meine Arbeit herangezogen.<br \/>\n-Die Publikation der CRU-Galerie, auf der ich mit einer <a href=\"http:\/\/www.sheetmusic-kreidler.com\/\">Sheet-Music-Arbeit<\/a> vertreten bin, wird <a href=\"https:\/\/www.evensi.us\/cru-a-pop-up-show-in-the-listening-room-the-institute\/202949380\">hier beworben<\/a>.<br \/>\n-Das Konzert bei der Biennale in Venedig mit dem Ensemble Asamisimasa und mir wird <a href=\"http:\/\/www.uniarts.fi\/tapahtumat\/16032017-1650\/music-real-asamisimasa-johannes-kreidler-matthew-shlomowitz-and-henrik?language=sv\">hier beworben<\/a>.<br \/>\n-Ein Konzert von mir in Danzig ist <a href=\"https:\/\/scontent.ftxl1-1.fna.fbcdn.net\/v\/t1.0-9\/16142899_872439376192526_26243940563660535_n.jpg?oh=0480717b479f31a5b42bee9e321a6046&#038;oe=59782EE0\">hier <\/a><a href=\"https:\/\/scontent.ftxl1-1.fna.fbcdn.net\/v\/t1.0-9\/16195238_872438816192582_2289073559446048794_n.jpg?oh=1537e82c95271f118026ec2ac0043403&#038;oe=599213CB\">hier <\/a><a href=\"https:\/\/scontent.ftxl1-1.fna.fbcdn.net\/v\/t1.0-9\/16142881_872439152859215_2575359356835730113_n.jpg?oh=f85fa51763f99373c84f3ed640553e46&#038;oe=59965C51\">hier <\/a><a href=\"https:\/\/scontent.ftxl1-1.fna.fbcdn.net\/v\/t1.0-9\/16114460_872439099525887_8039442419034558255_n.jpg?oh=acc37649dc43f5426347c825d637dfdd&#038;oe=59863E87\">hier <\/a><a href=\"https:\/\/scontent.ftxl1-1.fna.fbcdn.net\/v\/t1.0-9\/16115049_872439239525873_8206479557690533682_n.jpg?oh=638da7fcfe5c1f3445afe56b68a73be4&#038;oe=597DA178\">hier <\/a>dokumentiert.<br \/>\n-Die ZDF-Doku &#8222;Der letzte Remix&#8220;, bei der ich Interviewpartner war, ist jetzt auf <a href=\"https:\/\/www.nmz.de\/artikel\/dvd-tipps-201704\">DVD erschienen<\/a>.<br \/>\n-Jemand hat aus meinem <a href=\"http:\/\/www.kreidler-net.de\/werke\/minusbolero.htm\">Minusbolero <\/a>einen Plusbolero gemacht.<br \/>\n<iframe loading=\"lazy\" width=\"500\" height=\"281\" src=\"https:\/\/www.youtube.com\/embed\/BihXCvY9of4?rel=0\" frameborder=\"0\" allowfullscreen><\/iframe><\/p>\n<p>-Markus Reineke hat<a href=\"http:\/\/www.kreidler-net.de\/werke\/shutter.htm\"> meine Shutter-Technik<\/a> als Improv-Patch-Konzept <a href=\"https:\/\/soundcloud.com\/mr183\/sets\/shutter\">adaptiert<\/a>.<\/p>\n","protected":false},"excerpt":{"rendered":"<p>-Die Portraitsendung \u00fcber mich von Julia Sch\u00f6lzel auf BR-Klassik steht noch bis morgen zum Nachh\u00f6ren online. -Ich freue mich, dass Hans Schneider, Professor f\u00fcr Musikp\u00e4dagogik an der Musikhochschule Freiburg, in sein neues Buch >musizier-aktionen< eine Notationsgrafik von mir aufgenommen hat. -Max Erwin hat einen Text \u00fcber den Komponisten Patrick Frank geschrieben und darin auch meine [&hellip;]\n<\/p>\n","protected":false},"author":1,"featured_media":0,"comment_status":"open","ping_status":"open","sticky":false,"template":"","format":"standard","meta":{"_links_to":"","_links_to_target":"","footnotes":""},"categories":[3],"tags":[],"class_list":["post-18952","post","type-post","status-publish","format-standard","hentry","category-id"],"_links":{"self":[{"href":"http:\/\/www.kulturtechno.de\/index.php?rest_route=\/wp\/v2\/posts\/18952"}],"collection":[{"href":"http:\/\/www.kulturtechno.de\/index.php?rest_route=\/wp\/v2\/posts"}],"about":[{"href":"http:\/\/www.kulturtechno.de\/index.php?rest_route=\/wp\/v2\/types\/post"}],"author":[{"embeddable":true,"href":"http:\/\/www.kulturtechno.de\/index.php?rest_route=\/wp\/v2\/users\/1"}],"replies":[{"embeddable":true,"href":"http:\/\/www.kulturtechno.de\/index.php?rest_route=%2Fwp%2Fv2%2Fcomments&post=18952"}],"version-history":[{"count":11,"href":"http:\/\/www.kulturtechno.de\/index.php?rest_route=\/wp\/v2\/posts\/18952\/revisions"}],"predecessor-version":[{"id":18954,"href":"http:\/\/www.kulturtechno.de\/index.php?rest_route=\/wp\/v2\/posts\/18952\/revisions\/18954"}],"wp:attachment":[{"href":"http:\/\/www.kulturtechno.de\/index.php?rest_route=%2Fwp%2Fv2%2Fmedia&parent=18952"}],"wp:term":[{"taxonomy":"category","embeddable":true,"href":"http:\/\/www.kulturtechno.de\/index.php?rest_route=%2Fwp%2Fv2%2Fcategories&post=18952"},{"taxonomy":"post_tag","embeddable":true,"href":"http:\/\/www.kulturtechno.de\/index.php?rest_route=%2Fwp%2Fv2%2Ftags&post=18952"}],"curies":[{"name":"wp","href":"https:\/\/api.w.org\/{rel}","templated":true}]}}