{"id":18912,"date":"2017-04-11T05:23:57","date_gmt":"2017-04-11T03:23:57","guid":{"rendered":"http:\/\/www.kulturtechno.de\/?p=18912"},"modified":"2017-04-27T15:09:57","modified_gmt":"2017-04-27T13:09:57","slug":"mein-vortrag-online-nebeneinander-gegeneinander-miteinander-diskursiver-und-asthetischer-pluralismus-heute","status":"publish","type":"post","link":"http:\/\/www.kulturtechno.de\/?p=18912","title":{"rendered":"Mein Vortrag online &#8222;Nebeneinander, Gegeneinander, Miteinander &#8211; diskursiver und \u00e4sthetischer Pluralismus heute&#8220;"},"content":{"rendered":"<blockquote><p>Johannes Kreidler<br \/>\nNebeneinander, Gegeneinander, Miteinander &#8211; diskursiver und \u00e4sthetischer Pluralismus heute<\/p>\n<p>Vortrag Darmst\u00e4dter Fr\u00fchjahrstagung f\u00fcr Neue Musik, 7.4.2017<br \/>\nAkademie f\u00fcr Tonkunst<br \/>\nInstitut f\u00fcr Neue Musik und Musikerziehung Darmstadt<br \/>\nhttp:\/\/www.neue-musik.org\/2016\/10\/14\/tagung-2017\/<\/p><\/blockquote>\n<p><iframe loading=\"lazy\" width=\"500\" height=\"281\" src=\"https:\/\/www.youtube.com\/embed\/fY_WK17R-vM?rel=0\" frameborder=\"0\" allowfullscreen><\/iframe><\/p>\n","protected":false},"excerpt":{"rendered":"<p>Johannes Kreidler Nebeneinander, Gegeneinander, Miteinander &#8211; diskursiver und \u00e4sthetischer Pluralismus heute Vortrag Darmst\u00e4dter Fr\u00fchjahrstagung f\u00fcr Neue Musik, 7.4.2017 Akademie f\u00fcr Tonkunst Institut f\u00fcr Neue Musik und Musikerziehung Darmstadt http:\/\/www.neue-musik.org\/2016\/10\/14\/tagung-2017\/<\/p>\n","protected":false},"author":1,"featured_media":0,"comment_status":"open","ping_status":"open","sticky":false,"template":"","format":"standard","meta":{"_links_to":"","_links_to_target":"","footnotes":""},"categories":[3],"tags":[],"class_list":["post-18912","post","type-post","status-publish","format-standard","hentry","category-id"],"_links":{"self":[{"href":"http:\/\/www.kulturtechno.de\/index.php?rest_route=\/wp\/v2\/posts\/18912"}],"collection":[{"href":"http:\/\/www.kulturtechno.de\/index.php?rest_route=\/wp\/v2\/posts"}],"about":[{"href":"http:\/\/www.kulturtechno.de\/index.php?rest_route=\/wp\/v2\/types\/post"}],"author":[{"embeddable":true,"href":"http:\/\/www.kulturtechno.de\/index.php?rest_route=\/wp\/v2\/users\/1"}],"replies":[{"embeddable":true,"href":"http:\/\/www.kulturtechno.de\/index.php?rest_route=%2Fwp%2Fv2%2Fcomments&post=18912"}],"version-history":[{"count":2,"href":"http:\/\/www.kulturtechno.de\/index.php?rest_route=\/wp\/v2\/posts\/18912\/revisions"}],"predecessor-version":[{"id":18987,"href":"http:\/\/www.kulturtechno.de\/index.php?rest_route=\/wp\/v2\/posts\/18912\/revisions\/18987"}],"wp:attachment":[{"href":"http:\/\/www.kulturtechno.de\/index.php?rest_route=%2Fwp%2Fv2%2Fmedia&parent=18912"}],"wp:term":[{"taxonomy":"category","embeddable":true,"href":"http:\/\/www.kulturtechno.de\/index.php?rest_route=%2Fwp%2Fv2%2Fcategories&post=18912"},{"taxonomy":"post_tag","embeddable":true,"href":"http:\/\/www.kulturtechno.de\/index.php?rest_route=%2Fwp%2Fv2%2Ftags&post=18912"}],"curies":[{"name":"wp","href":"https:\/\/api.w.org\/{rel}","templated":true}]}}