{"id":18849,"date":"2017-03-31T05:22:07","date_gmt":"2017-03-31T03:22:07","guid":{"rendered":"http:\/\/www.kulturtechno.de\/?p=18849"},"modified":"2017-03-27T15:30:02","modified_gmt":"2017-03-27T13:30:02","slug":"anatomie-und-die-datierung-von-fotos","status":"publish","type":"post","link":"http:\/\/www.kulturtechno.de\/?p=18849","title":{"rendered":"Anatomie und die Datierung von Fotos"},"content":{"rendered":"<p>In meinem Text ><a href=\"http:\/\/www.kreidler-net.de\/theorie\/kreidler__das_totale_archiv.pdf\">Das totale Archiv<\/a>< hatte ich diese Anekdote notiert:\n\n\n\n<blockquote>Unl\u00e4ngst wies ich einen Bekannten auf ein Interview mit Pierre Boulez von  1967  hin,  das  im  Online-Archiv  des Spiegels  einzusehen  ist.  Der  Bekannte  \u00fcbersah  die Jahreszahl  am  Rand  und  glaubte,  das  Interview  sei  aktuell.  Kein  Wunder,  er  hielt  ja  keine vergilbte Spiegel-Ausgabe von 1967 in H\u00e4nden!\n<\/p><\/blockquote>\n<p>Wie ist das mit Fotos? Meistens sehen wir einem Foto bzw. dem Abgebildeten ungef\u00e4hr seine Zeit an, zumindest, dass es schon \u00e4lteren Datums sein muss. Ich w\u00fcrde sogar meinen, dass man in alten Filmen sieht, dass die Leute noch kleiner waren, auch anatomisch anders waren, die Gesichtsz\u00fcge haben sich ge\u00e4ndert, und sie bewegen sich anders als heute.<br \/>\nDoch Fotos wie diese strafen das L\u00fcgen, jedenfalls, wenn sie auf heutigem Papier oder im Netz reproduziert werden. Dieser sch\u00f6ne J\u00fcngling wurde 1865 aufgenommen. Die Wand sieht vielleicht bizarr und irgendwie nach 19. Jahrhundert aus, aber der Junge k\u00f6nnte direkt aus einem aktuellen Modemagazin kommen. (Tja, er wurde mit 21 Jahren hingerichtet, war am Attentat auf Lincoln beteiligt.)<\/p>\n<p><a href=\"https:\/\/upload.wikimedia.org\/wikipedia\/commons\/thumb\/f\/fa\/Lewis_Payne.jpg\/1200px-Lewis_Payne.jpg\" rel=\"lightbox[18849]\"><img loading=\"lazy\" decoding=\"async\" alt=\"\" src=\"https:\/\/upload.wikimedia.org\/wikipedia\/commons\/thumb\/f\/fa\/Lewis_Payne.jpg\/1200px-Lewis_Payne.jpg\" class=\"alignnone\" width=\"500\" height=\"620\" \/><\/a><\/p>\n<p><a href=\"http:\/\/ohkrapp.files.wordpress.com\/2009\/05\/lewis_payne_in_custody_at_the_washington_navy_yard_1865.jpg\" rel=\"lightbox[18849]\"><img loading=\"lazy\" decoding=\"async\" alt=\"\" src=\"http:\/\/ohkrapp.files.wordpress.com\/2009\/05\/lewis_payne_in_custody_at_the_washington_navy_yard_1865.jpg\" class=\"alignnone\" width=\"500\" height=\"658\" \/><\/a><\/p>\n<p>(Das Beispiel stammt aus dem Buch &#8222;Die helle Kammer&#8220; von Roland Barthes. Danke f\u00fcr den Hinweis, NN!)<\/p>\n","protected":false},"excerpt":{"rendered":"<p>In meinem Text >Das totale Archiv< hatte ich diese Anekdote notiert: Unl\u00e4ngst wies ich einen Bekannten auf ein Interview mit Pierre Boulez von 1967 hin, das im Online-Archiv des Spiegels einzusehen ist. Der Bekannte \u00fcbersah die Jahreszahl am Rand und glaubte, das Interview sei aktuell. Kein Wunder, er hielt ja keine vergilbte Spiegel-Ausgabe von 1967 [&hellip;]\n<\/p>\n","protected":false},"author":1,"featured_media":0,"comment_status":"open","ping_status":"open","sticky":false,"template":"","format":"standard","meta":{"_links_to":"","_links_to_target":"","footnotes":""},"categories":[5],"tags":[],"class_list":["post-18849","post","type-post","status-publish","format-standard","hentry","category-technologik"],"_links":{"self":[{"href":"http:\/\/www.kulturtechno.de\/index.php?rest_route=\/wp\/v2\/posts\/18849"}],"collection":[{"href":"http:\/\/www.kulturtechno.de\/index.php?rest_route=\/wp\/v2\/posts"}],"about":[{"href":"http:\/\/www.kulturtechno.de\/index.php?rest_route=\/wp\/v2\/types\/post"}],"author":[{"embeddable":true,"href":"http:\/\/www.kulturtechno.de\/index.php?rest_route=\/wp\/v2\/users\/1"}],"replies":[{"embeddable":true,"href":"http:\/\/www.kulturtechno.de\/index.php?rest_route=%2Fwp%2Fv2%2Fcomments&post=18849"}],"version-history":[{"count":3,"href":"http:\/\/www.kulturtechno.de\/index.php?rest_route=\/wp\/v2\/posts\/18849\/revisions"}],"predecessor-version":[{"id":18851,"href":"http:\/\/www.kulturtechno.de\/index.php?rest_route=\/wp\/v2\/posts\/18849\/revisions\/18851"}],"wp:attachment":[{"href":"http:\/\/www.kulturtechno.de\/index.php?rest_route=%2Fwp%2Fv2%2Fmedia&parent=18849"}],"wp:term":[{"taxonomy":"category","embeddable":true,"href":"http:\/\/www.kulturtechno.de\/index.php?rest_route=%2Fwp%2Fv2%2Fcategories&post=18849"},{"taxonomy":"post_tag","embeddable":true,"href":"http:\/\/www.kulturtechno.de\/index.php?rest_route=%2Fwp%2Fv2%2Ftags&post=18849"}],"curies":[{"name":"wp","href":"https:\/\/api.w.org\/{rel}","templated":true}]}}