{"id":1829,"date":"2009-07-17T09:09:47","date_gmt":"2009-07-17T07:09:47","guid":{"rendered":"http:\/\/www.kulturtechno.de\/?p=1829"},"modified":"2009-07-17T11:42:59","modified_gmt":"2009-07-17T09:42:59","slug":"tageslink-17","status":"publish","type":"post","link":"http:\/\/www.kulturtechno.de\/?p=1829","title":{"rendered":"Tageslink"},"content":{"rendered":"<p>Jeder hat bestimmte W\u00f6rter, bei denen er unweigerlich in Schockstarre verf\u00e4llt, deren Klang allein den Tag komplett versauen. Der Artikel von Telepolis spricht mir aus der Seele.<\/p>\n<p>Ich wei\u00df noch, wie ich zum ersten Mal das Wort &#8222;wording&#8220; geh\u00f6rt habe: In der Pressekonferenz mit der GEMA bei meiner <a href=\"http:\/\/www.kreidler-net.de\/productplacements.html\">Aktion<\/a> letztes Jahr, als die Pressesprecherin Bettina M\u00fcller mal so richtigen K\u00e4se sagte, und das dann mit &#8222;war jetzt ein Mi\u00dfverst\u00e4ndnis im Wording&#8220; auswetzte. Wer mir danach noch mal mit &#8222;Wording&#8220; kommt riskiert Ausf\u00e4lle meinerseits bis hin zum Axtmord.<\/p>\n<p><a href=\"http:\/\/www.heise.de\/tp\/blogs\/6\/142128\">http:\/\/www.heise.de\/tp\/blogs\/6\/142128<\/a><\/p>\n<p>Wahrscheinlich ist da nix zu machen, sind immer konservative Gewohnheiten, die von der sich kontinuierlich weiterbewegenden Sprache eben \u00fcberrollt werden.<\/p>\n<p>[ad#ad2]<\/p>\n","protected":false},"excerpt":{"rendered":"<p>Jeder hat bestimmte W\u00f6rter, bei denen er unweigerlich in Schockstarre verf\u00e4llt, deren Klang allein den Tag komplett versauen. Der Artikel von Telepolis spricht mir aus der Seele. Ich wei\u00df noch, wie ich zum ersten Mal das Wort &#8222;wording&#8220; geh\u00f6rt habe: In der Pressekonferenz mit der GEMA bei meiner Aktion letztes Jahr, als die Pressesprecherin Bettina [&hellip;]<\/p>\n","protected":false},"author":1,"featured_media":0,"comment_status":"open","ping_status":"open","sticky":false,"template":"","format":"standard","meta":{"_links_to":"","_links_to_target":"","footnotes":""},"categories":[12],"tags":[],"class_list":["post-1829","post","type-post","status-publish","format-standard","hentry","category-unkulturflatrate"],"_links":{"self":[{"href":"http:\/\/www.kulturtechno.de\/index.php?rest_route=\/wp\/v2\/posts\/1829"}],"collection":[{"href":"http:\/\/www.kulturtechno.de\/index.php?rest_route=\/wp\/v2\/posts"}],"about":[{"href":"http:\/\/www.kulturtechno.de\/index.php?rest_route=\/wp\/v2\/types\/post"}],"author":[{"embeddable":true,"href":"http:\/\/www.kulturtechno.de\/index.php?rest_route=\/wp\/v2\/users\/1"}],"replies":[{"embeddable":true,"href":"http:\/\/www.kulturtechno.de\/index.php?rest_route=%2Fwp%2Fv2%2Fcomments&post=1829"}],"version-history":[{"count":3,"href":"http:\/\/www.kulturtechno.de\/index.php?rest_route=\/wp\/v2\/posts\/1829\/revisions"}],"predecessor-version":[{"id":1836,"href":"http:\/\/www.kulturtechno.de\/index.php?rest_route=\/wp\/v2\/posts\/1829\/revisions\/1836"}],"wp:attachment":[{"href":"http:\/\/www.kulturtechno.de\/index.php?rest_route=%2Fwp%2Fv2%2Fmedia&parent=1829"}],"wp:term":[{"taxonomy":"category","embeddable":true,"href":"http:\/\/www.kulturtechno.de\/index.php?rest_route=%2Fwp%2Fv2%2Fcategories&post=1829"},{"taxonomy":"post_tag","embeddable":true,"href":"http:\/\/www.kulturtechno.de\/index.php?rest_route=%2Fwp%2Fv2%2Ftags&post=1829"}],"curies":[{"name":"wp","href":"https:\/\/api.w.org\/{rel}","templated":true}]}}