{"id":1806,"date":"2009-07-13T09:28:19","date_gmt":"2009-07-13T07:28:19","guid":{"rendered":"http:\/\/www.kulturtechno.de\/?p=1806"},"modified":"2009-07-13T09:28:19","modified_gmt":"2009-07-13T07:28:19","slug":"tageslink-14","status":"publish","type":"post","link":"http:\/\/www.kulturtechno.de\/?p=1806","title":{"rendered":"Tageslink"},"content":{"rendered":"<p>Markus Beckedahl ruft auf zur \u00d6ffnung des \u00f6ffentlich-rechtlichen Medienarchivs. Die 7-Tage-Regelung ist ja schon ein \u00c4rgernis (zu kurz!), aber vor allem sind viele interessante Sendungen \u00fcberhaupt gar nicht online, trotzdem die GEZ f\u00fcr Computer Geb\u00fchren einzieht.<\/p>\n<p><a href=\"http:\/\/netzpolitik.org\/2009\/mitmachen-drei-stufen-test-bei-ard-und-zdf\/\">http:\/\/netzpolitik.org\/2009\/mitmachen-drei-stufen-test-bei-ard-und-zdf\/<\/a><\/p>\n<p>[ad#ad2]<\/p>\n","protected":false},"excerpt":{"rendered":"<p>Markus Beckedahl ruft auf zur \u00d6ffnung des \u00f6ffentlich-rechtlichen Medienarchivs. Die 7-Tage-Regelung ist ja schon ein \u00c4rgernis (zu kurz!), aber vor allem sind viele interessante Sendungen \u00fcberhaupt gar nicht online, trotzdem die GEZ f\u00fcr Computer Geb\u00fchren einzieht. http:\/\/netzpolitik.org\/2009\/mitmachen-drei-stufen-test-bei-ard-und-zdf\/ [ad#ad2]<\/p>\n","protected":false},"author":1,"featured_media":0,"comment_status":"open","ping_status":"open","sticky":false,"template":"","format":"standard","meta":{"_links_to":"","_links_to_target":"","footnotes":""},"categories":[15],"tags":[],"class_list":["post-1806","post","type-post","status-publish","format-standard","hentry","category-kritik-der-reinen-vernunft"],"_links":{"self":[{"href":"http:\/\/www.kulturtechno.de\/index.php?rest_route=\/wp\/v2\/posts\/1806"}],"collection":[{"href":"http:\/\/www.kulturtechno.de\/index.php?rest_route=\/wp\/v2\/posts"}],"about":[{"href":"http:\/\/www.kulturtechno.de\/index.php?rest_route=\/wp\/v2\/types\/post"}],"author":[{"embeddable":true,"href":"http:\/\/www.kulturtechno.de\/index.php?rest_route=\/wp\/v2\/users\/1"}],"replies":[{"embeddable":true,"href":"http:\/\/www.kulturtechno.de\/index.php?rest_route=%2Fwp%2Fv2%2Fcomments&post=1806"}],"version-history":[{"count":1,"href":"http:\/\/www.kulturtechno.de\/index.php?rest_route=\/wp\/v2\/posts\/1806\/revisions"}],"predecessor-version":[{"id":1807,"href":"http:\/\/www.kulturtechno.de\/index.php?rest_route=\/wp\/v2\/posts\/1806\/revisions\/1807"}],"wp:attachment":[{"href":"http:\/\/www.kulturtechno.de\/index.php?rest_route=%2Fwp%2Fv2%2Fmedia&parent=1806"}],"wp:term":[{"taxonomy":"category","embeddable":true,"href":"http:\/\/www.kulturtechno.de\/index.php?rest_route=%2Fwp%2Fv2%2Fcategories&post=1806"},{"taxonomy":"post_tag","embeddable":true,"href":"http:\/\/www.kulturtechno.de\/index.php?rest_route=%2Fwp%2Fv2%2Ftags&post=1806"}],"curies":[{"name":"wp","href":"https:\/\/api.w.org\/{rel}","templated":true}]}}