{"id":18028,"date":"2016-11-07T05:49:51","date_gmt":"2016-11-07T03:49:51","guid":{"rendered":"http:\/\/www.kulturtechno.de\/?p=18028"},"modified":"2016-11-04T23:54:55","modified_gmt":"2016-11-04T21:54:55","slug":"absagen-erteilen-als-kunst","status":"publish","type":"post","link":"http:\/\/www.kulturtechno.de\/?p=18028","title":{"rendered":"Absagen erteilen als Kunst"},"content":{"rendered":"<p>Sch\u00f6nes Format: Ewert Nitschke erteilt Verantwortlichen der Fl\u00fcchtlingskrise eine offizielle Absage.<br \/>\n(Draufklicken zum Vergr\u00f6\u00dfern)<\/p>\n<p><a href=\"https:\/\/absagendotorg.files.wordpress.com\/2016\/06\/cicero.jpg?w=882\"><img loading=\"lazy\" decoding=\"async\" alt=\"\" src=\"https:\/\/absagendotorg.files.wordpress.com\/2016\/06\/cicero.jpg?w=882\" class=\"alignnone\" width=\"500\" height=\"750\" \/><\/a><\/p>\n<p><a href=\"https:\/\/absagendotorg.files.wordpress.com\/2016\/06\/sloterdijk.jpg?w=882\"><img loading=\"lazy\" decoding=\"async\" alt=\"\" src=\"https:\/\/absagendotorg.files.wordpress.com\/2016\/06\/sloterdijk.jpg?w=882\" class=\"alignnone\" width=\"500\" height=\"750\" \/><\/a><\/p>\n<p><a href=\"https:\/\/scontent.ftxl1-1.fna.fbcdn.net\/v\/t1.0-9\/13726619_1733880240206306_4149605342199878213_n.jpg?oh=9076aa20755867ed2e2dc8fe6188adb9&#038;oe=5887A9CE\"><img loading=\"lazy\" decoding=\"async\" alt=\"\" src=\"https:\/\/scontent.ftxl1-1.fna.fbcdn.net\/v\/t1.0-9\/13726619_1733880240206306_4149605342199878213_n.jpg?oh=9076aa20755867ed2e2dc8fe6188adb9&#038;oe=5887A9CE\" class=\"alignnone\" width=\"500\" height=\"333\" \/><\/a><\/p>\n<blockquote><p>Ewert Nitschke erteilt der Festung Europa eine Absage, in seiner k\u00fcnstlerischen Forschung stellt sich Ewert Nitschke die Frage, wer die Verantwortlichen f\u00fcr die hohen Z\u00e4une um Europa sind und begibt sich auf eine erneute Suche nach AdressatInnen f\u00fcr seine Absagen. Untersucht werden soll die Region, in der sich Ewert Nitschke zurzeit aufh\u00e4lt: zwischen Ruhrgebiet und Rheinland. Ebenfalls im Zentrum der Untersuchungen ist die bundespolitische Ebene mit seinen Verbindungen zu den europ\u00e4ischen Verb\u00fcndeten.<\/p><\/blockquote>\n<p><a href=\"https:\/\/absagen.org\/ueber-das-projekt\/\">https:\/\/absagen.org\/ueber-das-projekt\/<\/a><\/p>\n<p><a href=\"https:\/\/absagen.org\">https:\/\/absagen.org<\/a><\/p>\n","protected":false},"excerpt":{"rendered":"<p>Sch\u00f6nes Format: Ewert Nitschke erteilt Verantwortlichen der Fl\u00fcchtlingskrise eine offizielle Absage. (Draufklicken zum Vergr\u00f6\u00dfern) Ewert Nitschke erteilt der Festung Europa eine Absage, in seiner k\u00fcnstlerischen Forschung stellt sich Ewert Nitschke die Frage, wer die Verantwortlichen f\u00fcr die hohen Z\u00e4une um Europa sind und begibt sich auf eine erneute Suche nach AdressatInnen f\u00fcr seine Absagen. Untersucht [&hellip;]<\/p>\n","protected":false},"author":1,"featured_media":0,"comment_status":"open","ping_status":"open","sticky":false,"template":"","format":"standard","meta":{"_links_to":"","_links_to_target":"","footnotes":""},"categories":[4],"tags":[],"class_list":["post-18028","post","type-post","status-publish","format-standard","hentry","category-museum"],"_links":{"self":[{"href":"http:\/\/www.kulturtechno.de\/index.php?rest_route=\/wp\/v2\/posts\/18028"}],"collection":[{"href":"http:\/\/www.kulturtechno.de\/index.php?rest_route=\/wp\/v2\/posts"}],"about":[{"href":"http:\/\/www.kulturtechno.de\/index.php?rest_route=\/wp\/v2\/types\/post"}],"author":[{"embeddable":true,"href":"http:\/\/www.kulturtechno.de\/index.php?rest_route=\/wp\/v2\/users\/1"}],"replies":[{"embeddable":true,"href":"http:\/\/www.kulturtechno.de\/index.php?rest_route=%2Fwp%2Fv2%2Fcomments&post=18028"}],"version-history":[{"count":4,"href":"http:\/\/www.kulturtechno.de\/index.php?rest_route=\/wp\/v2\/posts\/18028\/revisions"}],"predecessor-version":[{"id":18032,"href":"http:\/\/www.kulturtechno.de\/index.php?rest_route=\/wp\/v2\/posts\/18028\/revisions\/18032"}],"wp:attachment":[{"href":"http:\/\/www.kulturtechno.de\/index.php?rest_route=%2Fwp%2Fv2%2Fmedia&parent=18028"}],"wp:term":[{"taxonomy":"category","embeddable":true,"href":"http:\/\/www.kulturtechno.de\/index.php?rest_route=%2Fwp%2Fv2%2Fcategories&post=18028"},{"taxonomy":"post_tag","embeddable":true,"href":"http:\/\/www.kulturtechno.de\/index.php?rest_route=%2Fwp%2Fv2%2Ftags&post=18028"}],"curies":[{"name":"wp","href":"https:\/\/api.w.org\/{rel}","templated":true}]}}