{"id":17940,"date":"2016-11-06T05:35:21","date_gmt":"2016-11-06T03:35:21","guid":{"rendered":"http:\/\/www.kulturtechno.de\/?p=17940"},"modified":"2016-11-06T10:59:13","modified_gmt":"2016-11-06T08:59:13","slug":"mein-text-der-aufgeloste-musikbegriff","status":"publish","type":"post","link":"http:\/\/www.kulturtechno.de\/?p=17940","title":{"rendered":"Mein Text &#8222;Der aufgel\u00f6ste Musikbegriff&#8220;"},"content":{"rendered":"<p><a href=\"https:\/\/www.klett-cotta.de\/media\/19\/MU_2016_04.jpg\" rel=\"lightbox[17940]\"><img loading=\"lazy\" decoding=\"async\" alt=\"\" src=\"https:\/\/www.klett-cotta.de\/media\/19\/MU_2016_04.jpg\" class=\"alignnone\" width=\"250\" height=\"383\" \/><\/a><\/p>\n<p>In der Zeitschrift <a href=\"https:\/\/www.klett-cotta.de\/ausgabe\/Musik_&#038;_Aesthetik_Heft_04_Oktober_2016\/76855\">Musik &#038; \u00c4sthetik<\/a> ist mein Text &#8222;Der aufgel\u00f6ste Musikbegriff&#8220; erschienen. Er stellt das Komplement zu meinem 2014 ver\u00f6ffentlichten Aufsatz &#8222;<a href=\"http:\/\/www.kreidler-net.de\/theorie\/kreidler__der_erweiterte_musikbegriff.pdf\">Der erweiterte Musikbegriff<\/a>&#8220; dar.<\/p>\n<blockquote><p>abstract:<br \/>\nMusik sieht sich heute umfassend vor der Ausweitung ihrer medialen M\u00f6glichkeiten, \u00e4hnlich wie es schon seit einiger Zeit in den Bildenden K\u00fcnsten der Fall ist und von Peter Osborne als \u201etransmedial\u201c charakterisiert wird. Andererseits fixieren institutionelle Strukturen die traditionelle, mediengebundene Definition der Kunstsparten. Doch mittlerweile zeichnet sich ab, wie diese Fixierung \u00fcberwunden wird, und dann treten auch die Musik und alle K\u00fcnste in den transmedialen Zustand. Es gibt aber weiterhin Kriterien, nach denen sich verschiedene Praktiken abgrenzen.\n<\/p><\/blockquote>\n<p><a href=\"https:\/\/www.klett-cotta.de\/ausgabe\/Musik_&#038;_Aesthetik_Heft_04_Oktober_2016\/76855?bereich_subnavi=zusammenfassung&#038;artikel_id=79043\">https:\/\/www.klett-cotta.de\/ausgabe\/Musik_&#038;_Aesthetik_Heft_04_Oktober_2016\/76855?bereich_subnavi=zusammenfassung&#038;artikel_id=79043<\/a><\/p>\n<p>Der Text ist auch einzeln als Pdf erwerbbar (3\u20ac):<br \/>\n<a href=\"https:\/\/www.musikundaesthetik.de\/article\/mu_2016_04_0085-0096_0085_01\">https:\/\/www.musikundaesthetik.de\/article\/mu_2016_04_0085-0096_0085_01<\/a>.<\/p>\n","protected":false},"excerpt":{"rendered":"<p>In der Zeitschrift Musik &#038; \u00c4sthetik ist mein Text &#8222;Der aufgel\u00f6ste Musikbegriff&#8220; erschienen. Er stellt das Komplement zu meinem 2014 ver\u00f6ffentlichten Aufsatz &#8222;Der erweiterte Musikbegriff&#8220; dar. abstract: Musik sieht sich heute umfassend vor der Ausweitung ihrer medialen M\u00f6glichkeiten, \u00e4hnlich wie es schon seit einiger Zeit in den Bildenden K\u00fcnsten der Fall ist und von Peter [&hellip;]<\/p>\n","protected":false},"author":1,"featured_media":0,"comment_status":"open","ping_status":"open","sticky":false,"template":"","format":"standard","meta":{"_links_to":"","_links_to_target":"","footnotes":""},"categories":[3],"tags":[],"class_list":["post-17940","post","type-post","status-publish","format-standard","hentry","category-id"],"_links":{"self":[{"href":"http:\/\/www.kulturtechno.de\/index.php?rest_route=\/wp\/v2\/posts\/17940"}],"collection":[{"href":"http:\/\/www.kulturtechno.de\/index.php?rest_route=\/wp\/v2\/posts"}],"about":[{"href":"http:\/\/www.kulturtechno.de\/index.php?rest_route=\/wp\/v2\/types\/post"}],"author":[{"embeddable":true,"href":"http:\/\/www.kulturtechno.de\/index.php?rest_route=\/wp\/v2\/users\/1"}],"replies":[{"embeddable":true,"href":"http:\/\/www.kulturtechno.de\/index.php?rest_route=%2Fwp%2Fv2%2Fcomments&post=17940"}],"version-history":[{"count":9,"href":"http:\/\/www.kulturtechno.de\/index.php?rest_route=\/wp\/v2\/posts\/17940\/revisions"}],"predecessor-version":[{"id":18034,"href":"http:\/\/www.kulturtechno.de\/index.php?rest_route=\/wp\/v2\/posts\/17940\/revisions\/18034"}],"wp:attachment":[{"href":"http:\/\/www.kulturtechno.de\/index.php?rest_route=%2Fwp%2Fv2%2Fmedia&parent=17940"}],"wp:term":[{"taxonomy":"category","embeddable":true,"href":"http:\/\/www.kulturtechno.de\/index.php?rest_route=%2Fwp%2Fv2%2Fcategories&post=17940"},{"taxonomy":"post_tag","embeddable":true,"href":"http:\/\/www.kulturtechno.de\/index.php?rest_route=%2Fwp%2Fv2%2Ftags&post=17940"}],"curies":[{"name":"wp","href":"https:\/\/api.w.org\/{rel}","templated":true}]}}