{"id":1782,"date":"2009-07-10T13:01:16","date_gmt":"2009-07-10T11:01:16","guid":{"rendered":"http:\/\/www.kulturtechno.de\/?p=1782"},"modified":"2009-07-10T13:01:16","modified_gmt":"2009-07-10T11:01:16","slug":"schoner-leben","status":"publish","type":"post","link":"http:\/\/www.kulturtechno.de\/?p=1782","title":{"rendered":"Sch\u00f6ner leben"},"content":{"rendered":"<p>Juhu, endlich kommen die YouTube-Trailer f\u00fcr Avantgarde-Musik. <a href=\"http:\/\/joomla.stock11.de\/content\/view\/18\/27\">Martin Sch\u00fcttler<\/a> hat einen kleinen Video-Anreger f\u00fcr seine demn\u00e4chst stattfindende Urauff\u00fchrung von &#8222;Sch\u00f6ner leben 3&#8220; ver\u00f6ffentlicht. Freu mich schon aufs Konzert, werde zeitnah nochmal daf\u00fcr werben.<\/p>\n<p><object width=\"425\" height=\"344\"><param name=\"movie\" value=\"http:\/\/www.youtube.com\/v\/Uda9iXHA8QE&#038;hl=en&#038;fs=1&#038;\"><\/param><param name=\"allowFullScreen\" value=\"true\"><\/param><param name=\"allowscriptaccess\" value=\"always\"><\/param><embed src=\"http:\/\/www.youtube.com\/v\/Uda9iXHA8QE&#038;hl=en&#038;fs=1&#038;\" type=\"application\/x-shockwave-flash\" allowscriptaccess=\"always\" allowfullscreen=\"true\" width=\"425\" height=\"344\"><\/embed><\/object><\/p>\n<p>[ad#ad2]<\/p>\n","protected":false},"excerpt":{"rendered":"<p>Juhu, endlich kommen die YouTube-Trailer f\u00fcr Avantgarde-Musik. Martin Sch\u00fcttler hat einen kleinen Video-Anreger f\u00fcr seine demn\u00e4chst stattfindende Urauff\u00fchrung von &#8222;Sch\u00f6ner leben 3&#8220; ver\u00f6ffentlicht. Freu mich schon aufs Konzert, werde zeitnah nochmal daf\u00fcr werben. [ad#ad2]<\/p>\n","protected":false},"author":1,"featured_media":0,"comment_status":"open","ping_status":"open","sticky":false,"template":"","format":"standard","meta":{"_links_to":"","_links_to_target":"","footnotes":""},"categories":[14,10],"tags":[],"class_list":["post-1782","post","type-post","status-publish","format-standard","hentry","category-veranstaltungen","category-aufklaerung"],"_links":{"self":[{"href":"http:\/\/www.kulturtechno.de\/index.php?rest_route=\/wp\/v2\/posts\/1782"}],"collection":[{"href":"http:\/\/www.kulturtechno.de\/index.php?rest_route=\/wp\/v2\/posts"}],"about":[{"href":"http:\/\/www.kulturtechno.de\/index.php?rest_route=\/wp\/v2\/types\/post"}],"author":[{"embeddable":true,"href":"http:\/\/www.kulturtechno.de\/index.php?rest_route=\/wp\/v2\/users\/1"}],"replies":[{"embeddable":true,"href":"http:\/\/www.kulturtechno.de\/index.php?rest_route=%2Fwp%2Fv2%2Fcomments&post=1782"}],"version-history":[{"count":1,"href":"http:\/\/www.kulturtechno.de\/index.php?rest_route=\/wp\/v2\/posts\/1782\/revisions"}],"predecessor-version":[{"id":1783,"href":"http:\/\/www.kulturtechno.de\/index.php?rest_route=\/wp\/v2\/posts\/1782\/revisions\/1783"}],"wp:attachment":[{"href":"http:\/\/www.kulturtechno.de\/index.php?rest_route=%2Fwp%2Fv2%2Fmedia&parent=1782"}],"wp:term":[{"taxonomy":"category","embeddable":true,"href":"http:\/\/www.kulturtechno.de\/index.php?rest_route=%2Fwp%2Fv2%2Fcategories&post=1782"},{"taxonomy":"post_tag","embeddable":true,"href":"http:\/\/www.kulturtechno.de\/index.php?rest_route=%2Fwp%2Fv2%2Ftags&post=1782"}],"curies":[{"name":"wp","href":"https:\/\/api.w.org\/{rel}","templated":true}]}}