{"id":17482,"date":"2016-09-09T05:20:34","date_gmt":"2016-09-09T03:20:34","guid":{"rendered":"http:\/\/www.kulturtechno.de\/?p=17482"},"modified":"2016-10-02T18:46:30","modified_gmt":"2016-10-02T16:46:30","slug":"aus-tralien-4","status":"publish","type":"post","link":"http:\/\/www.kulturtechno.de\/?p=17482","title":{"rendered":"Aus Tralien #4"},"content":{"rendered":"<p>Radziejowice 23.7.2016<br \/>\nBesuch vom Kultusministerium, das den Kurs finanziell f\u00f6rdert, wird angek\u00fcndigt. Man solle sich also >benehmen<, wird mit Ironie verlautbart. Im Einzelunterricht schneit der Subalterne rein, debiler Typ, der mal Komponist war, wie er sagt, und \u00fcbernimmt den Unterricht und kritisiert das vorliegende St\u00fcck der Studentin. Als er uns einmal den R\u00fccken kehrt, werfen die Organisatorin und ich uns Grimassen zu. Ich hab ihm alles in h\u00f6chsten T\u00f6nen gepriesen, und damit es nicht v\u00f6llig affirmativ aussieht, noch einen Hauch von Kritik einflie\u00dfen lassen: In den R\u00e4umen des Schlosses m\u00fcffele es etwas.\n\nAbends mit den Studierenden \u00fcber Pornografie- und Gewaltvideos im Netz. Alle Beteiligten, in dem Fall nur m\u00e4nnliche Diskutanden, schauen sich die IS-Hinrichtungsvideos an. Voyeurismus, klar, ich wollte auch mal sehen, wie das wirklich aussieht, wie das Blut aus dem Gesicht verschwindet, das Verdrehen der Pupillen, das Zusammensacken. Und zumindest bei Soldaten kann man sich ja auch denken, dass die Get\u00f6teten selber ihr Mordhandwerk aus\u00fcbten. Aber es hat auch etwas Aufkl\u00e4rerisches: Es hei\u00dft, im syrischen B\u00fcrgerkrieg seien bislang 400.000 Menschen ums Leben gekommen. Die Zahl macht einen verzweifelt und ohnm\u00e4chtig, aber es ist eine Zahl. Der IS gibt der Zahl Gesichter, aschgrau werdende. Genauso mit den Bildern angeschwemmter Leichen im Mittelmeer. Desastres de la Guerra. Schwierige Aussage, aber f\u00fcr mich w\u00fcrde ich sie treffen: Die W\u00fcrde der Gestorbenen, ja, aber die Welt soll etwas davon sehen, wie das Mittelmeer t\u00e4glich zum Massengrab wird. Sollte ich so einen beschissenen Tod sterben, dann m\u00f6ge es wenigstens ein Foto davon geben mit aufschreckender Wirkung.\n\nVielleicht w\u00e4re das einzige, was Kunst machen sollte, Bilder von Toten zu zeigen. \n\nNachts noch Messages. Wenn du nichts mehr zu verlieren hast, kannst du auch nichts mehr gewinnen. Zum Wuchern brauchst du ein Pfund.\nDas Potenzial des Verpassens ist monstr\u00f6s, in der Gr\u00f6\u00dfe und in der Auswirkung. Leben hei\u00dft verpassen.\n\nRadziejowice 24.7.2016\nEs begl\u00fcckt mich \u00fcberraschend stark, wie sich Dinge wandeln: Das politische Bewusstsein der Jugend ist heute ein so ungleich st\u00e4rkeres als in meiner Jugend.\n\nDie zweite H\u00e4lfte des Kurses starker Tinnitus rechts, immer wieder fast Halluzinationen.\n\nInstrumentalisms. Die N\u00e4he von Konzeptualismus zu Surrealismus, beides Praktiken mit Semantik, Adorno sprach von \"literarischen Bildern\". Insofern >literarische Musik<, aber geben ganz anders als expressive Narratismen. In den Instrumentalisms war klar, dass es nichts zu erz\u00e4hlen gibt, stattdessen brachial: Masse. Es sollte noch viel mehr Versionen davon geben, je mehr, desto besser ist das >St\u00fcck<.\n\nAnflug auf Berlin. Immer wieder erstaunlich, wie viele H\u00e4user im Hintergarten einen Swimming Pool haben. Und dass die immer hellblau sind. Sp\u00e4ter f\u00e4llt mir ein, das k\u00f6nnen ja auch nur so aufblasbare f\u00fcr 80\u20ac sein.\n\n<\/p>\n","protected":false},"excerpt":{"rendered":"<p>Radziejowice 23.7.2016 Besuch vom Kultusministerium, das den Kurs finanziell f\u00f6rdert, wird angek\u00fcndigt. Man solle sich also >benehmenliterarische MusikSt\u00fcck<\/p>\n","protected":false},"author":1,"featured_media":0,"comment_status":"open","ping_status":"open","sticky":false,"template":"","format":"standard","meta":{"_links_to":"","_links_to_target":"","footnotes":""},"categories":[3],"tags":[30],"class_list":["post-17482","post","type-post","status-publish","format-standard","hentry","category-id","tag-aus-tralien"],"_links":{"self":[{"href":"http:\/\/www.kulturtechno.de\/index.php?rest_route=\/wp\/v2\/posts\/17482"}],"collection":[{"href":"http:\/\/www.kulturtechno.de\/index.php?rest_route=\/wp\/v2\/posts"}],"about":[{"href":"http:\/\/www.kulturtechno.de\/index.php?rest_route=\/wp\/v2\/types\/post"}],"author":[{"embeddable":true,"href":"http:\/\/www.kulturtechno.de\/index.php?rest_route=\/wp\/v2\/users\/1"}],"replies":[{"embeddable":true,"href":"http:\/\/www.kulturtechno.de\/index.php?rest_route=%2Fwp%2Fv2%2Fcomments&post=17482"}],"version-history":[{"count":8,"href":"http:\/\/www.kulturtechno.de\/index.php?rest_route=\/wp\/v2\/posts\/17482\/revisions"}],"predecessor-version":[{"id":17874,"href":"http:\/\/www.kulturtechno.de\/index.php?rest_route=\/wp\/v2\/posts\/17482\/revisions\/17874"}],"wp:attachment":[{"href":"http:\/\/www.kulturtechno.de\/index.php?rest_route=%2Fwp%2Fv2%2Fmedia&parent=17482"}],"wp:term":[{"taxonomy":"category","embeddable":true,"href":"http:\/\/www.kulturtechno.de\/index.php?rest_route=%2Fwp%2Fv2%2Fcategories&post=17482"},{"taxonomy":"post_tag","embeddable":true,"href":"http:\/\/www.kulturtechno.de\/index.php?rest_route=%2Fwp%2Fv2%2Ftags&post=17482"}],"curies":[{"name":"wp","href":"https:\/\/api.w.org\/{rel}","templated":true}]}}