{"id":1671,"date":"2009-06-20T16:48:50","date_gmt":"2009-06-20T14:48:50","guid":{"rendered":"http:\/\/www.kulturtechno.de\/?p=1671"},"modified":"2009-06-20T16:49:33","modified_gmt":"2009-06-20T14:49:33","slug":"popkomm-fallt-aus-harhar","status":"publish","type":"post","link":"http:\/\/www.kulturtechno.de\/?p=1671","title":{"rendered":"Popkomm f\u00e4llt aus, harhar"},"content":{"rendered":"<p>\u00dcberall ist heut zu lesen, dass die Popkomm wegen lauen Gesch\u00e4fts dieses Jahr <a href=\"http:\/\/www1.messe-berlin.de\/vip8_1\/website\/Internet\/Internet\/www.popkomm\/deutsch\/Presse\/Pressemitteilungen\/index.jsp?lang=0&#038;newslang=de&#038;newssys_id=28751&#038;source_oid=14074&#038;year=2009\">ausf\u00e4llt<\/a>. Was auch immer daran Schuld sein mag &#8211; ich k\u00f6nnte gerade Sekt aufmachen. Bleibt zu hoffen, dass die Popkomm nie wieder stattfindet, nie wieder dieser Schund an die Ohren Unschuldiger dringt und endlich wichtigere Probleme in Angriff genommen werden. Auch \u00e4sthetisch.<\/p>\n<p>[ad#ad2]<\/p>\n","protected":false},"excerpt":{"rendered":"<p>\u00dcberall ist heut zu lesen, dass die Popkomm wegen lauen Gesch\u00e4fts dieses Jahr ausf\u00e4llt. Was auch immer daran Schuld sein mag &#8211; ich k\u00f6nnte gerade Sekt aufmachen. Bleibt zu hoffen, dass die Popkomm nie wieder stattfindet, nie wieder dieser Schund an die Ohren Unschuldiger dringt und endlich wichtigere Probleme in Angriff genommen werden. Auch \u00e4sthetisch. [&hellip;]<\/p>\n","protected":false},"author":1,"featured_media":0,"comment_status":"open","ping_status":"open","sticky":false,"template":"","format":"standard","meta":{"_links_to":"","_links_to_target":"","footnotes":""},"categories":[10],"tags":[],"class_list":["post-1671","post","type-post","status-publish","format-standard","hentry","category-aufklaerung"],"_links":{"self":[{"href":"http:\/\/www.kulturtechno.de\/index.php?rest_route=\/wp\/v2\/posts\/1671"}],"collection":[{"href":"http:\/\/www.kulturtechno.de\/index.php?rest_route=\/wp\/v2\/posts"}],"about":[{"href":"http:\/\/www.kulturtechno.de\/index.php?rest_route=\/wp\/v2\/types\/post"}],"author":[{"embeddable":true,"href":"http:\/\/www.kulturtechno.de\/index.php?rest_route=\/wp\/v2\/users\/1"}],"replies":[{"embeddable":true,"href":"http:\/\/www.kulturtechno.de\/index.php?rest_route=%2Fwp%2Fv2%2Fcomments&post=1671"}],"version-history":[{"count":2,"href":"http:\/\/www.kulturtechno.de\/index.php?rest_route=\/wp\/v2\/posts\/1671\/revisions"}],"predecessor-version":[{"id":1673,"href":"http:\/\/www.kulturtechno.de\/index.php?rest_route=\/wp\/v2\/posts\/1671\/revisions\/1673"}],"wp:attachment":[{"href":"http:\/\/www.kulturtechno.de\/index.php?rest_route=%2Fwp%2Fv2%2Fmedia&parent=1671"}],"wp:term":[{"taxonomy":"category","embeddable":true,"href":"http:\/\/www.kulturtechno.de\/index.php?rest_route=%2Fwp%2Fv2%2Fcategories&post=1671"},{"taxonomy":"post_tag","embeddable":true,"href":"http:\/\/www.kulturtechno.de\/index.php?rest_route=%2Fwp%2Fv2%2Ftags&post=1671"}],"curies":[{"name":"wp","href":"https:\/\/api.w.org\/{rel}","templated":true}]}}