{"id":1617,"date":"2009-06-10T17:41:20","date_gmt":"2009-06-10T15:41:20","guid":{"rendered":"http:\/\/www.kulturtechno.de\/?p=1617"},"modified":"2009-06-11T11:43:41","modified_gmt":"2009-06-11T09:43:41","slug":"gema","status":"publish","type":"post","link":"http:\/\/www.kulturtechno.de\/?p=1617","title":{"rendered":"GEMA!"},"content":{"rendered":"<p>Die GEMA schafft es schon wieder, Unmut zu stiften, und diesmal ganz ohne Urheberrechte: Im Bad Blog of Musick <a href=\"http:\/\/blogs.nmz.de\/badblog\/2009\/06\/09\/bedrohliche-nachrichten-von-der-gema\/#comment-495\">berichtet<\/a> Moritz Eggert, dass wegen technischer Umstellung viele der 2009 anstehenden Aussch\u00fcttungen erst 2010 erfolgen werden. Jaja, da geriert sich die GEMA immer als die Schutzh\u00fclle der armen Komponisten, aber die k\u00f6nnen jetzt mal zusehen wie sie ihre Miete bezahlen. So viel Verlass auf die GEMA. Man hielt es ja noch nicht mal f\u00fcr angebracht, die Mitglieder zu informieren, da geht nur, nachdem alle schon auf die Aussch\u00fcttung warten, so ein <a href=\"http:\/\/blogs.nmz.de\/badblog\/files\/2009\/06\/anschreiben-verbande-abrechnung-sparte-e.pdf\">Brief<\/a> an die Komponistenverb\u00e4nde.<\/p>\n<p>Theo Geissler von der NMZ im Kommentar dazu:<\/p>\n<blockquote><p>\u2026bei dem \u201cR\u00fcckstand\u201d soll es sich um eine h\u00f6here f\u00fcnfstellige Zahl von nicht abgerechneten Programmen handeln. Der Vertrag von Heker [GEMA-Chef] ist vom \u201calten\u201d Aufsichtsrat im Vorfeld der Wahlen bei der Mitgliederversammlung demn\u00e4chst sicherheitsalber um f\u00fcnf Jahre verl\u00e4ngert worden. Ein trefflicher Beitrag zur \u201cSystem-Stabilisierung\u201d\u2026<\/p><\/blockquote>\n<p>Nur nebenbei: Unter der &#8222;h\u00f6heren f\u00fcnfstelligen Zahl&#8220; sind nat\u00fcrlich auch alle meine Auff\u00fchrungen.<\/p>\n<p>Dass die Information erst jetzt, nach der Jahrespressekonferenz herausgegeben wird, wird auch kein Zufall sein.<\/p>\n<p>[ad#ad2]<\/p>\n","protected":false},"excerpt":{"rendered":"<p>Die GEMA schafft es schon wieder, Unmut zu stiften, und diesmal ganz ohne Urheberrechte: Im Bad Blog of Musick berichtet Moritz Eggert, dass wegen technischer Umstellung viele der 2009 anstehenden Aussch\u00fcttungen erst 2010 erfolgen werden. Jaja, da geriert sich die GEMA immer als die Schutzh\u00fclle der armen Komponisten, aber die k\u00f6nnen jetzt mal zusehen wie [&hellip;]<\/p>\n","protected":false},"author":1,"featured_media":0,"comment_status":"open","ping_status":"open","sticky":false,"template":"","format":"standard","meta":{"_links_to":"","_links_to_target":"","footnotes":""},"categories":[15],"tags":[],"class_list":["post-1617","post","type-post","status-publish","format-standard","hentry","category-kritik-der-reinen-vernunft"],"_links":{"self":[{"href":"http:\/\/www.kulturtechno.de\/index.php?rest_route=\/wp\/v2\/posts\/1617"}],"collection":[{"href":"http:\/\/www.kulturtechno.de\/index.php?rest_route=\/wp\/v2\/posts"}],"about":[{"href":"http:\/\/www.kulturtechno.de\/index.php?rest_route=\/wp\/v2\/types\/post"}],"author":[{"embeddable":true,"href":"http:\/\/www.kulturtechno.de\/index.php?rest_route=\/wp\/v2\/users\/1"}],"replies":[{"embeddable":true,"href":"http:\/\/www.kulturtechno.de\/index.php?rest_route=%2Fwp%2Fv2%2Fcomments&post=1617"}],"version-history":[{"count":8,"href":"http:\/\/www.kulturtechno.de\/index.php?rest_route=\/wp\/v2\/posts\/1617\/revisions"}],"predecessor-version":[{"id":1626,"href":"http:\/\/www.kulturtechno.de\/index.php?rest_route=\/wp\/v2\/posts\/1617\/revisions\/1626"}],"wp:attachment":[{"href":"http:\/\/www.kulturtechno.de\/index.php?rest_route=%2Fwp%2Fv2%2Fmedia&parent=1617"}],"wp:term":[{"taxonomy":"category","embeddable":true,"href":"http:\/\/www.kulturtechno.de\/index.php?rest_route=%2Fwp%2Fv2%2Fcategories&post=1617"},{"taxonomy":"post_tag","embeddable":true,"href":"http:\/\/www.kulturtechno.de\/index.php?rest_route=%2Fwp%2Fv2%2Ftags&post=1617"}],"curies":[{"name":"wp","href":"https:\/\/api.w.org\/{rel}","templated":true}]}}