{"id":1615,"date":"2009-06-10T16:56:00","date_gmt":"2009-06-10T14:56:00","guid":{"rendered":"http:\/\/www.kulturtechno.de\/?p=1615"},"modified":"2009-06-10T18:50:43","modified_gmt":"2009-06-10T16:50:43","slug":"tageslinks","status":"publish","type":"post","link":"http:\/\/www.kulturtechno.de\/?p=1615","title":{"rendered":"Tageslinks"},"content":{"rendered":"<p>Es geht los &#8211; Kalifornien erkennt als erste Instititution den E-Reader als Sparm\u00f6glichkeit. Dass es auf dieser Welt noch ein paar andere Institutionen gibt, die ebenfalls sparen m\u00fcssen d\u00fcrfte bekannt sein und jeder kann nun 1+1 zusammenz\u00e4hlen.<\/p>\n<p><a href=\"http:\/\/turi-2.blog.de\/2009\/06\/10\/heute2-schwarzenegger-gedruckte-schulbuecher-abschaffen-6276330\/\">http:\/\/turi-2.blog.de\/2009\/06\/10\/heute2-schwarzenegger-gedruckte-schulbuecher-abschaffen-6276330\/<\/a><\/p>\n<p><a href=\"http:\/\/www.heise.de\/tp\/blogs\/4\/139937\">http:\/\/www.heise.de\/tp\/blogs\/4\/139937<\/a><\/p>\n<p>[ad#ad2]<\/p>\n","protected":false},"excerpt":{"rendered":"<p>Es geht los &#8211; Kalifornien erkennt als erste Instititution den E-Reader als Sparm\u00f6glichkeit. Dass es auf dieser Welt noch ein paar andere Institutionen gibt, die ebenfalls sparen m\u00fcssen d\u00fcrfte bekannt sein und jeder kann nun 1+1 zusammenz\u00e4hlen. http:\/\/turi-2.blog.de\/2009\/06\/10\/heute2-schwarzenegger-gedruckte-schulbuecher-abschaffen-6276330\/ http:\/\/www.heise.de\/tp\/blogs\/4\/139937 [ad#ad2]<\/p>\n","protected":false},"author":1,"featured_media":0,"comment_status":"open","ping_status":"open","sticky":false,"template":"","format":"standard","meta":{"_links_to":"","_links_to_target":"","footnotes":""},"categories":[18,5],"tags":[],"class_list":["post-1615","post","type-post","status-publish","format-standard","hentry","category-futurismus","category-technologik"],"_links":{"self":[{"href":"http:\/\/www.kulturtechno.de\/index.php?rest_route=\/wp\/v2\/posts\/1615"}],"collection":[{"href":"http:\/\/www.kulturtechno.de\/index.php?rest_route=\/wp\/v2\/posts"}],"about":[{"href":"http:\/\/www.kulturtechno.de\/index.php?rest_route=\/wp\/v2\/types\/post"}],"author":[{"embeddable":true,"href":"http:\/\/www.kulturtechno.de\/index.php?rest_route=\/wp\/v2\/users\/1"}],"replies":[{"embeddable":true,"href":"http:\/\/www.kulturtechno.de\/index.php?rest_route=%2Fwp%2Fv2%2Fcomments&post=1615"}],"version-history":[{"count":2,"href":"http:\/\/www.kulturtechno.de\/index.php?rest_route=\/wp\/v2\/posts\/1615\/revisions"}],"predecessor-version":[{"id":1625,"href":"http:\/\/www.kulturtechno.de\/index.php?rest_route=\/wp\/v2\/posts\/1615\/revisions\/1625"}],"wp:attachment":[{"href":"http:\/\/www.kulturtechno.de\/index.php?rest_route=%2Fwp%2Fv2%2Fmedia&parent=1615"}],"wp:term":[{"taxonomy":"category","embeddable":true,"href":"http:\/\/www.kulturtechno.de\/index.php?rest_route=%2Fwp%2Fv2%2Fcategories&post=1615"},{"taxonomy":"post_tag","embeddable":true,"href":"http:\/\/www.kulturtechno.de\/index.php?rest_route=%2Fwp%2Fv2%2Ftags&post=1615"}],"curies":[{"name":"wp","href":"https:\/\/api.w.org\/{rel}","templated":true}]}}