{"id":15738,"date":"2015-10-23T05:34:16","date_gmt":"2015-10-23T03:34:16","guid":{"rendered":"http:\/\/www.kulturtechno.de\/?p=15738"},"modified":"2016-02-02T19:48:33","modified_gmt":"2016-02-02T17:48:33","slug":"china-tagebuch-1","status":"publish","type":"post","link":"http:\/\/www.kulturtechno.de\/?p=15738","title":{"rendered":"China-Tagebuch #1"},"content":{"rendered":"<p>Dieser Tage vor genau 10 Jahren war ich mit zwei Freunden in Peking. Ich habe nachtr\u00e4glich Notizen davon gemacht, die ich hier zusammen mit Fotos zeige. Es sind nur kleine Schlaglichter, wir haben in den Tagen wesentlich mehr erlebt.<\/p>\n<p>23.10.2005<br \/>\nWir, das sind Alberto C. Bernal, Joao Miguel Pais und ich, Trio f\u00fcr Laptopimprovisation, kommen am Abend an, das Wetter \u00e4hnlich wie in Deutschland, vielleicht etwas w\u00e4rmer. Alles ging sehr schnell, im Juni die Bewerbung f\u00fcr das Elektronikfestival in Peking, im August die Zusage, \u00fcberraschend unb\u00fcrokratisch und vor allem so extrem kurzfristig finanziert uns das Goethe-Institut die Reise; es scheint als ob der Deutschen Regierung kulturelle China-Projekte besonders f\u00f6rderungsw\u00fcrdig sind.<br \/>\nAm Flughafen erwarten uns, bzw. irgendeinen Popstar der auch im Flugzeug gesessen sein muss eine Horde Teenager. Wir stellen uns einfach mal hin, als ob es uns g\u00e4lte.<\/p>\n<p><a href=\"http:\/\/www.kulturtechno.de\/images\/pic1.jpg\" rel=\"lightbox[15738]\"><img loading=\"lazy\" decoding=\"async\" src=\"http:\/\/www.kulturtechno.de\/images\/pic1.jpg\" alt=\"\" title=\"pic1\" width=\"500\" height=\"375\" class=\"alignnone size-full wp-image-15754\" srcset=\"http:\/\/www.kulturtechno.de\/images\/pic1.jpg 500w, http:\/\/www.kulturtechno.de\/images\/pic1-150x112.jpg 150w, http:\/\/www.kulturtechno.de\/images\/pic1-300x225.jpg 300w\" sizes=\"(max-width: 500px) 100vw, 500px\" \/><\/a><\/p>\n<p>Gleich ins Restaurant und f\u00fcr ein paar Groschen sehr gut gegessen. In der Tram will ich fotografieren und stelle fest, dass wenn ich die Linse auf meine Augenh\u00f6he halte, ich lauter Haarsch\u00f6pfe \u00fcberblicke. Die Tatsache, dass ich die Chinesen um einen Kopf \u00fcberrage und blond bin wird mir in den n\u00e4chsten Tagen oft eintragen, dass sich Einheimische mit mir fotografieren lassen; mir ist das sympathisch, nicht aus Eitelkeit sondern weil hier die Verh\u00e4ltnisse umgedreht werden: Nicht der Tourist fotografiert die Exotika, sondern ist selber eines. <\/p>\n<p><a href=\"http:\/\/www.kulturtechno.de\/images\/pic2.jpg\" rel=\"lightbox[15738]\"><img loading=\"lazy\" decoding=\"async\" src=\"http:\/\/www.kulturtechno.de\/images\/pic2.jpg\" alt=\"\" title=\"pic2\" width=\"500\" height=\"375\" class=\"alignnone size-full wp-image-15755\" srcset=\"http:\/\/www.kulturtechno.de\/images\/pic2.jpg 500w, http:\/\/www.kulturtechno.de\/images\/pic2-150x112.jpg 150w, http:\/\/www.kulturtechno.de\/images\/pic2-300x225.jpg 300w\" sizes=\"(max-width: 500px) 100vw, 500px\" \/><\/a><\/p>\n<p><a href=\"http:\/\/www.kulturtechno.de\/images\/pic3.jpg\" rel=\"lightbox[15738]\"><img loading=\"lazy\" decoding=\"async\" src=\"http:\/\/www.kulturtechno.de\/images\/pic3.jpg\" alt=\"\" title=\"pic3\" width=\"500\" height=\"375\" class=\"alignnone size-full wp-image-15756\" srcset=\"http:\/\/www.kulturtechno.de\/images\/pic3.jpg 500w, http:\/\/www.kulturtechno.de\/images\/pic3-150x112.jpg 150w, http:\/\/www.kulturtechno.de\/images\/pic3-300x225.jpg 300w\" sizes=\"(max-width: 500px) 100vw, 500px\" \/><\/a><\/p>\n<p>Auf dem Tian\u2019aMen; ich glaube der surrealistische Charakter den ich bei Peking von Anfang an habe, r\u00fchrt daher dass es kein Graffitti gibt (soviel zur Architektur), nicht den kleinsten Fleck, und das in einer Millionenstadt. Mulmiges Gef\u00fchl, das l\u00e4sst auf die Strenge der Diktatur hier schlie\u00dfen. Dazu der obligatorische Dunst, wir werden in Peking fast nie den Himmel oder eine Wolke sehen. Angeblich hat er direkt mit den billigen Produktionsweisen zu tun, denen wir in Deutschland die Klamotten, Schuhe und all den Elektronikkram Made in China verdanken.<br \/>\nAbends wollen wir in der Hotelbar im Untergeschoss noch einen trinken; die Bar hat sogar eine Tanzfl\u00e4che und ein ganzes Rudel sch\u00f6ner Frauen vergn\u00fcgt sich darauf, bis klar wird (sie kommen gleich auf einen zu), dass das hier ein Bordell ist. \u201eMassage\u201c ist das Codewort, wir werden es noch h\u00e4ufig h\u00f6ren. Wir schlagen schon wieder den R\u00fcckweg ein, gehen aber doch einmal durch die hinteren G\u00e4nge, und da sind tats\u00e4chlich lauter kleine Art Wohnzimmer, in denen Karaoke gespielt wird, Chinesen mittleren Alters mit blutjungen Nutten (wobei ich mich bei Asiaten im Alter irren kann, manche sehen aus wie Kinder und sind schon \u00fcber 30), eine singt, eine andere wird unterm Rock befummelt. Karaoke scheint offenbar fester Bestandteil des Puffam\u00fcsements zu sein, meine erste musikalische Erfahrung hier.<br \/>\nIm Hotelzimmer kommen erfreulicherweise Netzwerkkabel aus der Wand, und wir schauen nat\u00fcrlich gleich, welche Websites nicht gehen: Wikipedia zum Beispiel. Das ist die gro\u00dfe Chinesische Firewall. Spiegel Online geht \u2013 spricht nicht gerade f\u00fcr den Spiegel.<\/p>\n","protected":false},"excerpt":{"rendered":"<p>Dieser Tage vor genau 10 Jahren war ich mit zwei Freunden in Peking. Ich habe nachtr\u00e4glich Notizen davon gemacht, die ich hier zusammen mit Fotos zeige. Es sind nur kleine Schlaglichter, wir haben in den Tagen wesentlich mehr erlebt. 23.10.2005 Wir, das sind Alberto C. Bernal, Joao Miguel Pais und ich, Trio f\u00fcr Laptopimprovisation, kommen [&hellip;]<\/p>\n","protected":false},"author":1,"featured_media":0,"comment_status":"open","ping_status":"open","sticky":false,"template":"","format":"standard","meta":{"_links_to":"","_links_to_target":"","footnotes":""},"categories":[3],"tags":[28],"class_list":["post-15738","post","type-post","status-publish","format-standard","hentry","category-id","tag-chinatagebuch"],"_links":{"self":[{"href":"http:\/\/www.kulturtechno.de\/index.php?rest_route=\/wp\/v2\/posts\/15738"}],"collection":[{"href":"http:\/\/www.kulturtechno.de\/index.php?rest_route=\/wp\/v2\/posts"}],"about":[{"href":"http:\/\/www.kulturtechno.de\/index.php?rest_route=\/wp\/v2\/types\/post"}],"author":[{"embeddable":true,"href":"http:\/\/www.kulturtechno.de\/index.php?rest_route=\/wp\/v2\/users\/1"}],"replies":[{"embeddable":true,"href":"http:\/\/www.kulturtechno.de\/index.php?rest_route=%2Fwp%2Fv2%2Fcomments&post=15738"}],"version-history":[{"count":5,"href":"http:\/\/www.kulturtechno.de\/index.php?rest_route=\/wp\/v2\/posts\/15738\/revisions"}],"predecessor-version":[{"id":16458,"href":"http:\/\/www.kulturtechno.de\/index.php?rest_route=\/wp\/v2\/posts\/15738\/revisions\/16458"}],"wp:attachment":[{"href":"http:\/\/www.kulturtechno.de\/index.php?rest_route=%2Fwp%2Fv2%2Fmedia&parent=15738"}],"wp:term":[{"taxonomy":"category","embeddable":true,"href":"http:\/\/www.kulturtechno.de\/index.php?rest_route=%2Fwp%2Fv2%2Fcategories&post=15738"},{"taxonomy":"post_tag","embeddable":true,"href":"http:\/\/www.kulturtechno.de\/index.php?rest_route=%2Fwp%2Fv2%2Ftags&post=15738"}],"curies":[{"name":"wp","href":"https:\/\/api.w.org\/{rel}","templated":true}]}}