{"id":1570,"date":"2009-05-26T12:01:28","date_gmt":"2009-05-26T10:01:28","guid":{"rendered":"http:\/\/www.kulturtechno.de\/?p=1570"},"modified":"2009-05-28T09:40:09","modified_gmt":"2009-05-28T07:40:09","slug":"mendelssohn","status":"publish","type":"post","link":"http:\/\/www.kulturtechno.de\/?p=1570","title":{"rendered":"Mendelssohn"},"content":{"rendered":"<p>Die klassische Musik und ihre Theorie kommen in hier immer etwas zu kurz, dabei ist das eine fester Bestandteil meiner Arbeit. Gerade als betonter Avantgard, der den Anspruch hat, dezidiert Neues in die Welt zu setzen, ist mir unerl\u00e4sslich, die ganze Musikgeschichte und -Theorie zu kennen, und ich unterrichte sie auch sehr gerne. Au\u00dferdem sind es schlicht Geschenke, die die gro\u00dfen Meister hinterlassen haben, und jeder der Musik mag ist dumm, wenn er diese Geschenke ausschl\u00e4gt.<\/p>\n<p>An dieser Stelle sei jetzt auf das heute beginnende Mendelssohn-Festival der Musikhochschule Rostock verwiesen mit einem sehr sch\u00f6nen <a href=\"http:\/\/www.hmt-rostock.de\/nachricht+M5c4bc1aac18.html\">Programm<\/a>.<\/p>\n<p><a href=\"http:\/\/www.dedering.de\/grafik\/vorn_mendelssohn.jpg\" rel=\"lightbox[1570]\"><img loading=\"lazy\" decoding=\"async\" class=\"alignnone\" src=\"http:\/\/www.dedering.de\/grafik\/vorn_mendelssohn.jpg\" alt=\"\" width=\"174\" height=\"171\" \/><\/a><\/p>\n<p>Felix Mendelssohn Bartholdy ist ein Ph\u00e4nomen. Er hat wunderbare Musik geschrieben, und war zu Lebzeiten schon weltber\u00fchmt; trotzdem nennt man ihn erst in der zweiten Reihe, etwa hinterm Zeitgenossen Schumann. Was ist an Schumann besser? Ich glaube es war zun\u00e4chst die \u00f6konomische Situation, Mendelssohn war von Haus aus steinreich, w\u00e4hrend Schumann zwar nicht so schlecht situiert, aber doch nicht derart gut gebettet war. Sp\u00e4ter musste er auch noch\u00a0acht Kinder durchbringen. Schumann k\u00e4mpfte au\u00dferdem gegen Psyche und K\u00f6rper zeitlebens an, und diese Spannungszust\u00e4nde fehlen in der durch und durch b\u00fcrgerlichen Musik Mendelssohns, das vermisst die Musikgeschichte offenbar. Schumann hingegen verk\u00f6rpert in Reinform den romantischen Geist in H\u00f6hen und Tiefen. Nichtsdestotrotz gibt es einige Werke Mendelssohns, die sich daran messen lassen k\u00f6nnen, etwa die &#8222;Variations s\u00e9rieuses&#8220; oder den &#8222;Sommernachtstraum&#8220;, den &#8222;Elias&#8220; und das Violinkonzert.<\/p>\n<p>[ad#ad2]<\/p>\n","protected":false},"excerpt":{"rendered":"<p>Die klassische Musik und ihre Theorie kommen in hier immer etwas zu kurz, dabei ist das eine fester Bestandteil meiner Arbeit. Gerade als betonter Avantgard, der den Anspruch hat, dezidiert Neues in die Welt zu setzen, ist mir unerl\u00e4sslich, die ganze Musikgeschichte und -Theorie zu kennen, und ich unterrichte sie auch sehr gerne. Au\u00dferdem sind [&hellip;]<\/p>\n","protected":false},"author":1,"featured_media":0,"comment_status":"open","ping_status":"open","sticky":false,"template":"","format":"standard","meta":{"_links_to":"","_links_to_target":"","footnotes":""},"categories":[17],"tags":[],"class_list":["post-1570","post","type-post","status-publish","format-standard","hentry","category-sonstiges"],"_links":{"self":[{"href":"http:\/\/www.kulturtechno.de\/index.php?rest_route=\/wp\/v2\/posts\/1570"}],"collection":[{"href":"http:\/\/www.kulturtechno.de\/index.php?rest_route=\/wp\/v2\/posts"}],"about":[{"href":"http:\/\/www.kulturtechno.de\/index.php?rest_route=\/wp\/v2\/types\/post"}],"author":[{"embeddable":true,"href":"http:\/\/www.kulturtechno.de\/index.php?rest_route=\/wp\/v2\/users\/1"}],"replies":[{"embeddable":true,"href":"http:\/\/www.kulturtechno.de\/index.php?rest_route=%2Fwp%2Fv2%2Fcomments&post=1570"}],"version-history":[{"count":3,"href":"http:\/\/www.kulturtechno.de\/index.php?rest_route=\/wp\/v2\/posts\/1570\/revisions"}],"predecessor-version":[{"id":1590,"href":"http:\/\/www.kulturtechno.de\/index.php?rest_route=\/wp\/v2\/posts\/1570\/revisions\/1590"}],"wp:attachment":[{"href":"http:\/\/www.kulturtechno.de\/index.php?rest_route=%2Fwp%2Fv2%2Fmedia&parent=1570"}],"wp:term":[{"taxonomy":"category","embeddable":true,"href":"http:\/\/www.kulturtechno.de\/index.php?rest_route=%2Fwp%2Fv2%2Fcategories&post=1570"},{"taxonomy":"post_tag","embeddable":true,"href":"http:\/\/www.kulturtechno.de\/index.php?rest_route=%2Fwp%2Fv2%2Ftags&post=1570"}],"curies":[{"name":"wp","href":"https:\/\/api.w.org\/{rel}","templated":true}]}}