{"id":1529,"date":"2009-05-21T08:28:08","date_gmt":"2009-05-21T06:28:08","guid":{"rendered":"http:\/\/www.kulturtechno.de\/?p=1529"},"modified":"2009-05-22T14:57:03","modified_gmt":"2009-05-22T12:57:03","slug":"pro-schwan","status":"publish","type":"post","link":"http:\/\/www.kulturtechno.de\/?p=1529","title":{"rendered":"Pro Schwan"},"content":{"rendered":"<p>Auf Carta gibt&#8217;s einen sch\u00f6nen Text: <a href=\"http:\/\/www.youtube.com\/watch?v=NdoVntGf-Ns\">10 gute Gr\u00fcnde, am 23.Mai eine Frau zu w\u00e4hlen<\/a>. Dem schlie\u00dfe ich mich an. Den Bundeshorst mit seinem debilen dritte-Z\u00e4hne-Grinsen konnte ich, leider im Gegensatz zum Volksgro\u00dfteil, nie leiden.<br \/>\nRepr\u00e4sentanten haben eine \u00e4sthetische Funktion &#8211; sie sind personifizierte, also wahrnehmbar gemachte Macht. Ich pl\u00e4diere insofern f\u00fcr eine \u00e4sthetische Betrachtung der Politik, als das ja nicht hei\u00dfen muss, hier nur einer Oper zu fr\u00f6nen, sondern die \u00c4sthetik auf reale Machtverh\u00e4ltnisse und politische Fragen zu beziehen. Rainald Goetz gelingt das immer wieder gro\u00dfartig in &#8222;Klage&#8220;.<\/p>\n<p>Das Amt des Bundespr\u00e4sidenten ist in diesem Land praktisch per Definitionem \u00e4sthetisch, wobei unser Bundeshorst allerdings \u00fcberfl\u00fcssigerweise immer wieder meint, auch mal aktiv Politik machen zu m\u00fcssen, wahrscheinlich weil er selber wei\u00df dass er \u00e4sthetisch unter aller Kanone ist. (N.B.: Seine <a href=\"http:\/\/www.ideenfreiheit.de\/texte\/bayreuth.doc\">Haltung<\/a> zum Regiertheater.) Die \u00c4sthetik von Horst K\u00f6hler geh\u00f6rt weg und Gesine Schwan an seiner statt w\u00e4re prima. Sehr schade, dass daraus nichts wird.<\/p>\n<p>[ad#ad2]<\/p>\n","protected":false},"excerpt":{"rendered":"<p>Auf Carta gibt&#8217;s einen sch\u00f6nen Text: 10 gute Gr\u00fcnde, am 23.Mai eine Frau zu w\u00e4hlen. Dem schlie\u00dfe ich mich an. Den Bundeshorst mit seinem debilen dritte-Z\u00e4hne-Grinsen konnte ich, leider im Gegensatz zum Volksgro\u00dfteil, nie leiden. Repr\u00e4sentanten haben eine \u00e4sthetische Funktion &#8211; sie sind personifizierte, also wahrnehmbar gemachte Macht. Ich pl\u00e4diere insofern f\u00fcr eine \u00e4sthetische Betrachtung [&hellip;]<\/p>\n","protected":false},"author":1,"featured_media":0,"comment_status":"open","ping_status":"open","sticky":false,"template":"","format":"standard","meta":{"_links_to":"","_links_to_target":"","footnotes":""},"categories":[15],"tags":[],"class_list":["post-1529","post","type-post","status-publish","format-standard","hentry","category-kritik-der-reinen-vernunft"],"_links":{"self":[{"href":"http:\/\/www.kulturtechno.de\/index.php?rest_route=\/wp\/v2\/posts\/1529"}],"collection":[{"href":"http:\/\/www.kulturtechno.de\/index.php?rest_route=\/wp\/v2\/posts"}],"about":[{"href":"http:\/\/www.kulturtechno.de\/index.php?rest_route=\/wp\/v2\/types\/post"}],"author":[{"embeddable":true,"href":"http:\/\/www.kulturtechno.de\/index.php?rest_route=\/wp\/v2\/users\/1"}],"replies":[{"embeddable":true,"href":"http:\/\/www.kulturtechno.de\/index.php?rest_route=%2Fwp%2Fv2%2Fcomments&post=1529"}],"version-history":[{"count":5,"href":"http:\/\/www.kulturtechno.de\/index.php?rest_route=\/wp\/v2\/posts\/1529\/revisions"}],"predecessor-version":[{"id":1558,"href":"http:\/\/www.kulturtechno.de\/index.php?rest_route=\/wp\/v2\/posts\/1529\/revisions\/1558"}],"wp:attachment":[{"href":"http:\/\/www.kulturtechno.de\/index.php?rest_route=%2Fwp%2Fv2%2Fmedia&parent=1529"}],"wp:term":[{"taxonomy":"category","embeddable":true,"href":"http:\/\/www.kulturtechno.de\/index.php?rest_route=%2Fwp%2Fv2%2Fcategories&post=1529"},{"taxonomy":"post_tag","embeddable":true,"href":"http:\/\/www.kulturtechno.de\/index.php?rest_route=%2Fwp%2Fv2%2Ftags&post=1529"}],"curies":[{"name":"wp","href":"https:\/\/api.w.org\/{rel}","templated":true}]}}