{"id":1497,"date":"2009-05-15T08:43:21","date_gmt":"2009-05-15T06:43:21","guid":{"rendered":"http:\/\/www.kulturtechno.de\/?p=1497"},"modified":"2009-05-15T20:10:56","modified_gmt":"2009-05-15T18:10:56","slug":"die-sz-zum-ensemble-modern-konzert","status":"publish","type":"post","link":"http:\/\/www.kulturtechno.de\/?p=1497","title":{"rendered":"Die SZ zum Ensemble-Modern &#8211; Konzert"},"content":{"rendered":"<p>Wo immer das (in der Tat von mir nicht gemochte) Label &#8222;Junge Komponisten&#8220; draufsteht, sehen Kritiker die Gelegenheit zur Belehrung. Angeblich ist dieser Ton f\u00fcr speziell diesen Kritiker besonders typisch, jedenfalls hatte die SZ ja schon bei meiner GEMA-Aktion nur rumr\u00fcffeln k\u00f6nnen.<\/p>\n<p>Zu seiner Meinung, mein Stil sei nichts Neues: Doch, ist er, zumindest ich kenne wirklich nichts vergleichbares au\u00dfer Cage &#8211; wohlgemerkt: im Neue Musik &#8211; Kontext &#8211; , und Cage ist \u00e4sthetisch aber doch komplett anders.<\/p>\n<p>Nun ja, vergleichsweise komme ich ja am besten weg und irgend was scheint ja doch dran zu sein an meinem St\u00fcck, wie auch immer. Read yourself und darunter ein Foto vom M\u00fcnchner Konzert (Danke, <a href=\"http:\/\/www.myspace.com\/chikageimai\">Chikage<\/a>!)<\/p>\n<p><a href=\"http:\/\/www.sueddeutsche.de\/g5938E\/2889182\/Die-Meister-werdens-richten.html\">http:\/\/www.sueddeutsche.de\/g5938E\/2889182\/Die-Meister-werdens-richten.html<\/a><\/p>\n<p><a href=\"http:\/\/www.kulturtechno.de\/images\/iema3.jpg\" rel=\"lightbox[1497]\"><img loading=\"lazy\" decoding=\"async\" alt=\"\" src=\"http:\/\/www.kulturtechno.de\/images\/iema3.jpg\" class=\"alignnone\" width=\"460\" height=\"344\" \/><\/a><\/p>\n<p>[ad#ad2]<\/p>\n","protected":false},"excerpt":{"rendered":"<p>Wo immer das (in der Tat von mir nicht gemochte) Label &#8222;Junge Komponisten&#8220; draufsteht, sehen Kritiker die Gelegenheit zur Belehrung. Angeblich ist dieser Ton f\u00fcr speziell diesen Kritiker besonders typisch, jedenfalls hatte die SZ ja schon bei meiner GEMA-Aktion nur rumr\u00fcffeln k\u00f6nnen. Zu seiner Meinung, mein Stil sei nichts Neues: Doch, ist er, zumindest ich [&hellip;]<\/p>\n","protected":false},"author":1,"featured_media":0,"comment_status":"open","ping_status":"open","sticky":false,"template":"","format":"standard","meta":{"_links_to":"","_links_to_target":"","footnotes":""},"categories":[3],"tags":[],"class_list":["post-1497","post","type-post","status-publish","format-standard","hentry","category-id"],"_links":{"self":[{"href":"http:\/\/www.kulturtechno.de\/index.php?rest_route=\/wp\/v2\/posts\/1497"}],"collection":[{"href":"http:\/\/www.kulturtechno.de\/index.php?rest_route=\/wp\/v2\/posts"}],"about":[{"href":"http:\/\/www.kulturtechno.de\/index.php?rest_route=\/wp\/v2\/types\/post"}],"author":[{"embeddable":true,"href":"http:\/\/www.kulturtechno.de\/index.php?rest_route=\/wp\/v2\/users\/1"}],"replies":[{"embeddable":true,"href":"http:\/\/www.kulturtechno.de\/index.php?rest_route=%2Fwp%2Fv2%2Fcomments&post=1497"}],"version-history":[{"count":7,"href":"http:\/\/www.kulturtechno.de\/index.php?rest_route=\/wp\/v2\/posts\/1497\/revisions"}],"predecessor-version":[{"id":1511,"href":"http:\/\/www.kulturtechno.de\/index.php?rest_route=\/wp\/v2\/posts\/1497\/revisions\/1511"}],"wp:attachment":[{"href":"http:\/\/www.kulturtechno.de\/index.php?rest_route=%2Fwp%2Fv2%2Fmedia&parent=1497"}],"wp:term":[{"taxonomy":"category","embeddable":true,"href":"http:\/\/www.kulturtechno.de\/index.php?rest_route=%2Fwp%2Fv2%2Fcategories&post=1497"},{"taxonomy":"post_tag","embeddable":true,"href":"http:\/\/www.kulturtechno.de\/index.php?rest_route=%2Fwp%2Fv2%2Ftags&post=1497"}],"curies":[{"name":"wp","href":"https:\/\/api.w.org\/{rel}","templated":true}]}}