{"id":13960,"date":"2014-10-03T03:08:03","date_gmt":"2014-10-03T01:08:03","guid":{"rendered":"http:\/\/www.kulturtechno.de\/?p=13960"},"modified":"2014-10-09T12:32:39","modified_gmt":"2014-10-09T10:32:39","slug":"kleine-weltreise-tagebuch-27","status":"publish","type":"post","link":"http:\/\/www.kulturtechno.de\/?p=13960","title":{"rendered":"Kleine Weltreise &#8211; Tagebuch #27"},"content":{"rendered":"<p>Noch Gedanken zu weiteren Kritiken am Neuen Konzeptualismus (siehe <a href=\"http:\/\/www.kulturtechno.de\/?p=13851\">vorher <\/a>auf Kulturtechno).<\/p>\n<p>Das sei doch Eigen-PR: Die kleingeistigste von allen Kritiken. Vulg\u00e4r. Wir leben im Kapitalismus, auch die Neue Musik ist ein Markt, also kann schlechterdings jede Handlung als PR-Handlung geschm\u00e4ht werden. Deine Frisur, die ist doch PR!<br \/>\nDass es auch ein Interesse an der Sache gibt, scheint bei diesen Kritikern jenseits der FDP-Vorstellungskraft zu liegen. Das PR-Gen\u00f6le ist eigentlich unterhalb jedes Diskursniveaus.<br \/>\nW\u00e4re an der Sache nichts dran, w\u00fcrde ihr keine PR dieser Welt helfen. Ich kann auch keine Argumentationsf\u00fchrung sehen, die erkennen lie\u00dfe, dass der NK &#8222;PR&#8220; n\u00f6tig h\u00e4tte. Vielleicht kommen die, die so reden, deshalb drauf, weil sie insgeheim f\u00fcr sich selber PR n\u00f6tig sehen. Ich wei\u00df es nicht, will es auch nicht wissen.<\/p>\n<p>Dass der Neue Konzeptualismus nicht neu sei? Jaja, man kann alles relativieren. Siehe dazu meine Texte <a href=\"http:\/\/www.kulturtechno.de\/?p=5824\">Neu und Alt<\/a> sowie <a href=\"http:\/\/www.kulturtechno.de\/?p=11319\">Neuer Konzeptualismus oder Neo-Konzeptualismus?<\/a>.<br \/>\nWer keine Neuigkeit als solche anerkennen will, kann das immer herleiten, kann immer abstrahieren. Ein Klavierst\u00fcck? Aber du wei\u00dft schon, es gibt bereits andere Klavierst\u00fccke..?! Ein Musikst\u00fcck? Ist nichts neues, Musik gibt es doch bereits seit 30.000 Jahren. Ein Mensch auf der B\u00fchne? Menschen hatten wir schon. Ein Minimum an Begeisterungsf\u00e4higkeit ist der Kunstrezeption halt doch zu eigen, vielleicht ist es auch politisch-genereller eine Frage von Optimismus und Glaube an \/ Hoffnung auf Fortschritt. Dann hat man vielleicht einen Sinn f\u00fcr die Beispiele und Argumente, die ich im Text <a href=\"http:\/\/www.kulturtechno.de\/?p=12248\">Das Neue an der Konzeptmusik<\/a> vorbringe.<\/p>\n<p>&#8222;Warum der &#8218;Ismus&#8216;?&#8220; &#8222;Was soll die &#8218;Begriffsschublade&#8216;?&#8220;<br \/>\nIch habe die Bezeichnung &#8222;Neuer Konzeptualismus&#8220; in Darmstadt &#8211; dem Ort f\u00fcr Diskurs &#8211; 2012 mit meinem <a href=\"https:\/\/www.youtube.com\/watch?v=T-kEs_RIiiE\">Vortrag <\/a>vorgeschlagen. Eine Diskussion entstand, der Begriff wurde nicht schlagartig, aber im Lauf der folgenden Zeit aufgegriffen. Nach dem Vortrag habe ich den Begriff erst wieder verwendet, nachdem ich gesehen habe, dass er auch von anderen gebraucht wird.<br \/>\nIch mag Sprache. Um \u00fcber Musik zu sprechen, brauchen wir Namen, Begriffe. Wem die Musik damit beschnitten wird, der hat keine musikalische Begabung. Nur weil wir den Ausdruck \u201everminderter Septakkord\u201c haben, schm\u00e4lert das doch nicht die Wirkung des besagten Akkords. Ich wei\u00df nicht, wie es anderen geht, mich verpflichtet der NK zu gar nichts, aber er gibt eine Orientierung auf dem weiten Feld, im dichten Wald (Gestr\u00fcpp) der Neuen Musik.<br \/>\nEs wird wohl auf ewig einen Widerstreit geben zwischen denen, die Sprache f\u00fcr etwas Produktives (Hegel) halten und denen, die darin etwas Wirklichkeitsschm\u00e4lerndes (Adorno) sehen. Letzteren m\u00f6chte ich allerdings raten, sich aus dem Diskurs auszuklinken und &#8218;einfach&#8216; Musik zu h\u00f6ren, statt Theorie-\/Intellektuellenfeindlichkeit zu verbreiten &#8211; was paradoxerweise dann dennoch im Textmedium geschieht&#8230;<\/p>\n<p>Leider geht es in den meisten F\u00e4llen, in denen diese Kritiken auftreten, gar nicht ernsthaft um diese Fragen wie der, welchen Stellenwert Sprache f\u00fcr die Musik hat, nicht um den Austausch von Argumenten, sondern um Abwehrreflexe, Rhetorik, Grabenkampf, Verteilungsneid. Wenn wenigstens das reflexiv wieder integriert w\u00fcrde, w\u00e4ren wir auch weiter.<\/p>\n<p>[In meinem demn\u00e4chst erscheinenden Text &#8222;Der erweiterte Musikbegriff&#8220; werden diese Punkte ausf\u00fchrlich und konkret auf die Kritiken\/Kritiker bezogen ausgef\u00fchrt.]<\/p>\n","protected":false},"excerpt":{"rendered":"<p>Noch Gedanken zu weiteren Kritiken am Neuen Konzeptualismus (siehe vorher auf Kulturtechno). Das sei doch Eigen-PR: Die kleingeistigste von allen Kritiken. Vulg\u00e4r. Wir leben im Kapitalismus, auch die Neue Musik ist ein Markt, also kann schlechterdings jede Handlung als PR-Handlung geschm\u00e4ht werden. Deine Frisur, die ist doch PR! Dass es auch ein Interesse an der [&hellip;]<\/p>\n","protected":false},"author":1,"featured_media":0,"comment_status":"open","ping_status":"open","sticky":false,"template":"","format":"standard","meta":{"_links_to":"","_links_to_target":"","footnotes":""},"categories":[3],"tags":[26],"class_list":["post-13960","post","type-post","status-publish","format-standard","hentry","category-id","tag-kleineweltreise"],"_links":{"self":[{"href":"http:\/\/www.kulturtechno.de\/index.php?rest_route=\/wp\/v2\/posts\/13960"}],"collection":[{"href":"http:\/\/www.kulturtechno.de\/index.php?rest_route=\/wp\/v2\/posts"}],"about":[{"href":"http:\/\/www.kulturtechno.de\/index.php?rest_route=\/wp\/v2\/types\/post"}],"author":[{"embeddable":true,"href":"http:\/\/www.kulturtechno.de\/index.php?rest_route=\/wp\/v2\/users\/1"}],"replies":[{"embeddable":true,"href":"http:\/\/www.kulturtechno.de\/index.php?rest_route=%2Fwp%2Fv2%2Fcomments&post=13960"}],"version-history":[{"count":42,"href":"http:\/\/www.kulturtechno.de\/index.php?rest_route=\/wp\/v2\/posts\/13960\/revisions"}],"predecessor-version":[{"id":14071,"href":"http:\/\/www.kulturtechno.de\/index.php?rest_route=\/wp\/v2\/posts\/13960\/revisions\/14071"}],"wp:attachment":[{"href":"http:\/\/www.kulturtechno.de\/index.php?rest_route=%2Fwp%2Fv2%2Fmedia&parent=13960"}],"wp:term":[{"taxonomy":"category","embeddable":true,"href":"http:\/\/www.kulturtechno.de\/index.php?rest_route=%2Fwp%2Fv2%2Fcategories&post=13960"},{"taxonomy":"post_tag","embeddable":true,"href":"http:\/\/www.kulturtechno.de\/index.php?rest_route=%2Fwp%2Fv2%2Ftags&post=13960"}],"curies":[{"name":"wp","href":"https:\/\/api.w.org\/{rel}","templated":true}]}}