{"id":13841,"date":"2014-09-23T12:48:22","date_gmt":"2014-09-23T10:48:22","guid":{"rendered":"http:\/\/www.kulturtechno.de\/?p=13841"},"modified":"2014-10-09T12:33:38","modified_gmt":"2014-10-09T10:33:38","slug":"kleine-weltreise-tagebuch-13-2","status":"publish","type":"post","link":"http:\/\/www.kulturtechno.de\/?p=13841","title":{"rendered":"Kleine Weltreise &#8211; Tagebuch #13"},"content":{"rendered":"<p>Reykjav\u00edk sieht so aus, wie ich mir Gr\u00f6nland immer vorgestellt habe: gedrungene, h\u00e4ssliche H\u00e4user am \u00e4u\u00dfersten Rand der habitablen Zone. Alles f\u00fchlt sich schon an wie Polarstation.<br \/>\nNicht gesehen: Wei\u00dfe N\u00e4chte, Polarlichter (zu bew\u00f6lkt), Papageitaucher, nat\u00fcrliche Badestellen, sogar Eisb\u00e4ren steigen mal an Land, ans Island.<br \/>\nSchau ich mir dann auf YouTube an.<br \/>\nDann mal los zum anderen Ende der Erde. <\/p>\n<p>Im Norden Islands darf nur reiten, wer die alten Gedichte kennt.<br \/>\nVulkanische Berge sind ganz anders beschaffen als Berge, die durch Erdplattenkollision entstanden sind. In den Alpen, im Himalaya gibt es keinen Vulkan.<br \/>\nMitten in der Nacht, mitten auf der Hauptstrasse musste ich mir die Zehenn\u00e4gel schneiden.<br \/>\nVon dem gro\u00dfen Geysir stammt die Bezeichnung &#8222;Geysir&#8220; f\u00fcr alle Geysire. So wie F\u00f6n, Tempotaschentuch.<br \/>\nH\u00f6re jetzt aus dem Fr\u00fchwerk von Sergej Prokofiew.<\/p>\n","protected":false},"excerpt":{"rendered":"<p>Reykjav\u00edk sieht so aus, wie ich mir Gr\u00f6nland immer vorgestellt habe: gedrungene, h\u00e4ssliche H\u00e4user am \u00e4u\u00dfersten Rand der habitablen Zone. Alles f\u00fchlt sich schon an wie Polarstation. Nicht gesehen: Wei\u00dfe N\u00e4chte, Polarlichter (zu bew\u00f6lkt), Papageitaucher, nat\u00fcrliche Badestellen, sogar Eisb\u00e4ren steigen mal an Land, ans Island. Schau ich mir dann auf YouTube an. Dann mal los [&hellip;]<\/p>\n","protected":false},"author":1,"featured_media":0,"comment_status":"open","ping_status":"open","sticky":false,"template":"","format":"standard","meta":{"_links_to":"","_links_to_target":"","footnotes":""},"categories":[3],"tags":[26],"class_list":["post-13841","post","type-post","status-publish","format-standard","hentry","category-id","tag-kleineweltreise"],"_links":{"self":[{"href":"http:\/\/www.kulturtechno.de\/index.php?rest_route=\/wp\/v2\/posts\/13841"}],"collection":[{"href":"http:\/\/www.kulturtechno.de\/index.php?rest_route=\/wp\/v2\/posts"}],"about":[{"href":"http:\/\/www.kulturtechno.de\/index.php?rest_route=\/wp\/v2\/types\/post"}],"author":[{"embeddable":true,"href":"http:\/\/www.kulturtechno.de\/index.php?rest_route=\/wp\/v2\/users\/1"}],"replies":[{"embeddable":true,"href":"http:\/\/www.kulturtechno.de\/index.php?rest_route=%2Fwp%2Fv2%2Fcomments&post=13841"}],"version-history":[{"count":1,"href":"http:\/\/www.kulturtechno.de\/index.php?rest_route=\/wp\/v2\/posts\/13841\/revisions"}],"predecessor-version":[{"id":14085,"href":"http:\/\/www.kulturtechno.de\/index.php?rest_route=\/wp\/v2\/posts\/13841\/revisions\/14085"}],"wp:attachment":[{"href":"http:\/\/www.kulturtechno.de\/index.php?rest_route=%2Fwp%2Fv2%2Fmedia&parent=13841"}],"wp:term":[{"taxonomy":"category","embeddable":true,"href":"http:\/\/www.kulturtechno.de\/index.php?rest_route=%2Fwp%2Fv2%2Fcategories&post=13841"},{"taxonomy":"post_tag","embeddable":true,"href":"http:\/\/www.kulturtechno.de\/index.php?rest_route=%2Fwp%2Fv2%2Ftags&post=13841"}],"curies":[{"name":"wp","href":"https:\/\/api.w.org\/{rel}","templated":true}]}}