{"id":13799,"date":"2014-09-19T23:15:11","date_gmt":"2014-09-19T21:15:11","guid":{"rendered":"http:\/\/www.kulturtechno.de\/?p=13799"},"modified":"2014-10-09T12:33:52","modified_gmt":"2014-10-09T10:33:52","slug":"kleine-weltreise-tagebuch-09","status":"publish","type":"post","link":"http:\/\/www.kulturtechno.de\/?p=13799","title":{"rendered":"Kleine Weltreise &#8211; Tagebuch #09"},"content":{"rendered":"<p>This bloody ash-hole<\/p>\n<p>Der Ausbruch des Eyjafjallaj\u00f6kull 2010 legte bekanntlich den Flugverkehr Europas lahm. Die letztlich begonnenen Eruptionen des B\u00e1r\u00f0arbunga waren dagegen nur kurz in unseren News. F\u00fcr die Isl\u00e4nder ist das aber ein gro\u00dfes Thema, im Wetterbericht wird immer auch der aktuelle Stand der Ascheverbreitung durchgegeben, der innerl\u00e4ndische Flugverkehr ist eingeschr\u00e4nkt.<\/p>\n<p>Was da  gerade abgeht, kann man im Livestream mitverfolgen:<br \/>\n<a href=\"http:\/\/www.livefromiceland.is\/webcams\/bardarbunga\/\">http:\/\/www.livefromiceland.is\/webcams\/bardarbunga\/<\/a><br \/>\n<a href=\"http:\/\/www.livefromiceland.is\/webcams\/bardarbunga-2\/\">http:\/\/www.livefromiceland.is\/webcams\/bardarbunga-2\/<\/a><\/p>\n<p>Zwischenzeitig ist da zwar fast nichts zu sehen, aber um ca. 21h Ortszeit zum Beispiel sah man aus der Entfernung minutenlang eine feuerrote Wolke aus dem Krater aufsteigen.<\/p>\n<blockquote class=\"twitter-tweet\" lang=\"de\">\n<p>&quot;Du bist so hei\u00df, wie ein Vulkan&#8230;&quot;&#10;&quot;ICH HAB FIEBER!!&quot;&#10;&quot;&#8230;Und heut verbrenn ich mich dar..&quot;&#10;&gt;BATSCH&lt;<\/p>\n<p>&mdash; Benno Vice (@BimmelB) <a href=\"https:\/\/twitter.com\/BimmelB\/status\/490052864568729600\">18. Juli 2014<\/a><\/p><\/blockquote>\n<p><script async src=\"\/\/platform.twitter.com\/widgets.js\" charset=\"utf-8\"><\/script><\/p>\n","protected":false},"excerpt":{"rendered":"<p>This bloody ash-hole Der Ausbruch des Eyjafjallaj\u00f6kull 2010 legte bekanntlich den Flugverkehr Europas lahm. Die letztlich begonnenen Eruptionen des B\u00e1r\u00f0arbunga waren dagegen nur kurz in unseren News. F\u00fcr die Isl\u00e4nder ist das aber ein gro\u00dfes Thema, im Wetterbericht wird immer auch der aktuelle Stand der Ascheverbreitung durchgegeben, der innerl\u00e4ndische Flugverkehr ist eingeschr\u00e4nkt. Was da gerade [&hellip;]<\/p>\n","protected":false},"author":1,"featured_media":0,"comment_status":"open","ping_status":"open","sticky":false,"template":"","format":"standard","meta":{"_links_to":"","_links_to_target":"","footnotes":""},"categories":[3],"tags":[26],"class_list":["post-13799","post","type-post","status-publish","format-standard","hentry","category-id","tag-kleineweltreise"],"_links":{"self":[{"href":"http:\/\/www.kulturtechno.de\/index.php?rest_route=\/wp\/v2\/posts\/13799"}],"collection":[{"href":"http:\/\/www.kulturtechno.de\/index.php?rest_route=\/wp\/v2\/posts"}],"about":[{"href":"http:\/\/www.kulturtechno.de\/index.php?rest_route=\/wp\/v2\/types\/post"}],"author":[{"embeddable":true,"href":"http:\/\/www.kulturtechno.de\/index.php?rest_route=\/wp\/v2\/users\/1"}],"replies":[{"embeddable":true,"href":"http:\/\/www.kulturtechno.de\/index.php?rest_route=%2Fwp%2Fv2%2Fcomments&post=13799"}],"version-history":[{"count":6,"href":"http:\/\/www.kulturtechno.de\/index.php?rest_route=\/wp\/v2\/posts\/13799\/revisions"}],"predecessor-version":[{"id":14089,"href":"http:\/\/www.kulturtechno.de\/index.php?rest_route=\/wp\/v2\/posts\/13799\/revisions\/14089"}],"wp:attachment":[{"href":"http:\/\/www.kulturtechno.de\/index.php?rest_route=%2Fwp%2Fv2%2Fmedia&parent=13799"}],"wp:term":[{"taxonomy":"category","embeddable":true,"href":"http:\/\/www.kulturtechno.de\/index.php?rest_route=%2Fwp%2Fv2%2Fcategories&post=13799"},{"taxonomy":"post_tag","embeddable":true,"href":"http:\/\/www.kulturtechno.de\/index.php?rest_route=%2Fwp%2Fv2%2Ftags&post=13799"}],"curies":[{"name":"wp","href":"https:\/\/api.w.org\/{rel}","templated":true}]}}