{"id":13754,"date":"2014-09-19T05:24:13","date_gmt":"2014-09-19T03:24:13","guid":{"rendered":"http:\/\/www.kulturtechno.de\/?p=13754"},"modified":"2014-10-26T14:51:00","modified_gmt":"2014-10-26T12:51:00","slug":"kleine-weltreise-tagebuch-07","status":"publish","type":"post","link":"http:\/\/www.kulturtechno.de\/?p=13754","title":{"rendered":"Kleine Weltreise &#8211; Tagebuch #07"},"content":{"rendered":"<p>Fragmentarischer Schlaf<br \/>\n&#8230; Schlaf &#8230; Schlaf<br \/>\nWer schl\u00e4ft, kann kein Selfie machen<br \/>\nBedeutendster Isl\u00e4ndischer K\u00fcnstler: Dieter Roth<\/p>\n<p>In Island gehen die Fenster wenn \u00fcberhaupt nur kippweise nach unten auf. <\/p>\n<p><a href=\"http:\/\/www.geo.de\/reisen\/community\/bild\/regular\/70949\/Haus-in-Reykjavik.jpg\" rel=\"lightbox[13754]\"><img loading=\"lazy\" decoding=\"async\" alt=\"\" src=\"http:\/\/www.geo.de\/reisen\/community\/bild\/regular\/70949\/Haus-in-Reykjavik.jpg\" class=\"alignnone\" width=\"500\" height=\"350\" \/><\/a><\/p>\n<p>Meist sind das die kleineren Elemente der Fassade. Die einen sagen, damit man von aufsteigender Warmluft was abbekommt, die anderen, damit es nicht reinregnet, wieder andere sagen, das sei einfach durch Willk\u00fcr so gekommen. Von au\u00dfen geputzt werden die Fenster wohl nur durch den Regen, sofern man das Putzen nennen will. Was mag dieses Fenstersystem f\u00fcr Auswirkungen auf die kollektive Seele haben? H\u00e4tte man in so einem Land ein Betriebssystem namens &#8222;Windows&#8220; erfinden k\u00f6nnen? Gibt es in einem Land, das die Fenster nach unten auf- und zuzieht, einen Ausdruck wie &#8222;Zeitfenster&#8220;? Wie wird durch das Fenstersystem (USA: hoch-runter schieben, Mitteleuropa: oben-kipp oder seitlich schwenkbar, Island: unten-kipp) das Verh\u00e4ltnis zu Wetter, Nachbarschaft, Passanten justiert? In welchem Rhythmus und in welcher Menge verschafft sich der Indoor arbeitende Isl\u00e4nder frische Luft, was f\u00fcr Auswirkungen hat das auf die Arbeit selbst?* Ausgerechnet mein St\u00fcck &#8222;windowed&#8220; wird hier n\u00e4chste Woche interpretiert.. Mir wurde gesagt, wenn es in Island mal den seltenen Fall eines &#8222;normalen&#8220; Fensters gibt, das seitw\u00e4rts sperrangelweit aufgesperrt werden kann, kriegen die Einheimischen H\u00f6henangst. Vertigo. Das Fenster zum Hof. <\/p>\n<p>*Nachtrag: &#8222;Was bedeutet es f\u00fcrs Subjekt, dass es keine Fensterfl\u00fcgel mehr gibt, die sich \u00f6ffnen lie\u00dfen, sondern nur noch grob aufzuschiebende Scheiben, keine sachten T\u00fcrklinken sondern drehbare Kn\u00f6pfe?&#8220; Adorno, Minima Moralia, S. 44.<\/p>\n","protected":false},"excerpt":{"rendered":"<p>Fragmentarischer Schlaf &#8230; Schlaf &#8230; Schlaf Wer schl\u00e4ft, kann kein Selfie machen Bedeutendster Isl\u00e4ndischer K\u00fcnstler: Dieter Roth In Island gehen die Fenster wenn \u00fcberhaupt nur kippweise nach unten auf. Meist sind das die kleineren Elemente der Fassade. Die einen sagen, damit man von aufsteigender Warmluft was abbekommt, die anderen, damit es nicht reinregnet, wieder andere [&hellip;]<\/p>\n","protected":false},"author":1,"featured_media":0,"comment_status":"open","ping_status":"open","sticky":false,"template":"","format":"standard","meta":{"_links_to":"","_links_to_target":"","footnotes":""},"categories":[3],"tags":[26],"class_list":["post-13754","post","type-post","status-publish","format-standard","hentry","category-id","tag-kleineweltreise"],"_links":{"self":[{"href":"http:\/\/www.kulturtechno.de\/index.php?rest_route=\/wp\/v2\/posts\/13754"}],"collection":[{"href":"http:\/\/www.kulturtechno.de\/index.php?rest_route=\/wp\/v2\/posts"}],"about":[{"href":"http:\/\/www.kulturtechno.de\/index.php?rest_route=\/wp\/v2\/types\/post"}],"author":[{"embeddable":true,"href":"http:\/\/www.kulturtechno.de\/index.php?rest_route=\/wp\/v2\/users\/1"}],"replies":[{"embeddable":true,"href":"http:\/\/www.kulturtechno.de\/index.php?rest_route=%2Fwp%2Fv2%2Fcomments&post=13754"}],"version-history":[{"count":11,"href":"http:\/\/www.kulturtechno.de\/index.php?rest_route=\/wp\/v2\/posts\/13754\/revisions"}],"predecessor-version":[{"id":13789,"href":"http:\/\/www.kulturtechno.de\/index.php?rest_route=\/wp\/v2\/posts\/13754\/revisions\/13789"}],"wp:attachment":[{"href":"http:\/\/www.kulturtechno.de\/index.php?rest_route=%2Fwp%2Fv2%2Fmedia&parent=13754"}],"wp:term":[{"taxonomy":"category","embeddable":true,"href":"http:\/\/www.kulturtechno.de\/index.php?rest_route=%2Fwp%2Fv2%2Fcategories&post=13754"},{"taxonomy":"post_tag","embeddable":true,"href":"http:\/\/www.kulturtechno.de\/index.php?rest_route=%2Fwp%2Fv2%2Ftags&post=13754"}],"curies":[{"name":"wp","href":"https:\/\/api.w.org\/{rel}","templated":true}]}}