{"id":13467,"date":"2014-08-17T05:20:20","date_gmt":"2014-08-17T03:20:20","guid":{"rendered":"http:\/\/www.kulturtechno.de\/?p=13467"},"modified":"2014-08-19T16:25:50","modified_gmt":"2014-08-19T14:25:50","slug":"darmstadt-2014-kleiner-ruckblick","status":"publish","type":"post","link":"http:\/\/www.kulturtechno.de\/?p=13467","title":{"rendered":"Darmstadt 2014, kurzer R\u00fcckblick"},"content":{"rendered":"<p>Die 47. Darmst\u00e4dter Ferienkurse f\u00fcr Neue Musik, neben den Donaueschinger Musiktagen das bedeutendste Festival f\u00fcr Neue Musik, sind zu Ende. Ich war die ersten 10 Tage vor Ort, teilweise mit meinem eigenen Projekt sehr besch\u00e4ftigt, zum anderen Teil habe ich dann viele Vortr\u00e4ge, Gespr\u00e4che und Konzerte besucht und viele (mir) bekannte und unbekannte Kollegen getroffen.<\/p>\n<p>Trotz der Vielzahl der Veranstaltungen war der Neue Konzeptualismus zweifellos ein vorherrschendes Thema in den Diskussionen. Ich bin da freilich parteiisch, w\u00fcrde aber meinen und darin stimmten einige mit mir \u00fcberein, dass die besagten Panels, in denen es um Fortschrittsfragen ging, ziemlich asymmetrisch besetzt waren &#8211; die <del datetime=\"2014-08-19T14:25:57+00:00\">konservative<\/del> Kontra-Seite <del datetime=\"2014-08-19T14:25:57+00:00\">(die passenderweise auf dem Podium auch immer rechts sa\u00df)<\/del> war teilweise intellektuell sehr schwach besetzt. Im &#8222;Dead End or Way out&#8220;-Talk fanden sich die \u00fcblichen Kulturpessimisten und politisch Oberkorrekten ein, im &#8222;The concert of the future is online&#8220; fiel einem der Verteidiger nicht mehr ein, als in 8 seiner 10 Vortragsminuten von seinen Vokaltechniken zu erz\u00e4hlen, statt sich dem Thema zu widmen. Ich hoffe, dass sich solche Niveaueinbr\u00fcche k\u00fcnftig vermeiden lassen. Wohlfeiles &#8222;das ist ja gut, aber nicht radikal genug&#8220; ist keine w\u00fcrdige Argumentation an diesem Ort.<\/p>\n<p>In den Konzerten war die Tendenz zu Multimedia, Durchinszenierung und freier Beweglichkeit des Publikums deutlich. Mein au\u00dfermusikalisches Highlight: In Alexander Schuberts St\u00fcck wurde das Publikum derma\u00dfen mit Nebel vollgeblasen, dass es wie ein Fehler aussah, aber um so st\u00e4rker die Wirkung. Sch\u00f6ne St\u00fccke habe ich geh\u00f6rt, ich behalte jetzt aber mal f\u00fcr mich, um welche es sich handelt &#8211; aber es waren viele. Sehr gefreut habe ich mich jedenfalls, die Jungs von <a href=\"https:\/\/twitter.com\/textscoreaday\">textscoreaday<\/a> pers\u00f6nlich kennenzulernen!<br \/>\nNebenbemerkung: Die Opernwerkstatt, die sich allem Multimedialen verweigerte, f\u00fchlte sich nachgerade wie eine Parallelwelt an. <\/p>\n<p>Etwas schade fand ich, dass der Open Space nicht so viel genutzt wurde wie vor zwei Jahren, zumindest war das mein Eindruck. Vielleicht ist es auch etwas bedauerlich, dass der Interpretenhauptpreis nur noch an Ensembles zu gehen scheint.<br \/>\nDie erfreulichste technische Neuerung hingegen war, dass die Voice Republic viele Gespr\u00e4chsveranstaltungen live gestreamed und archiviert hat \u2013 das wurde h\u00f6chste Zeit (Kulturtechno <a href=\"http:\/\/www.kulturtechno.de\/?p=13464\">gestern<\/a>).<\/p>\n<p>Mit einigen Anregungen bin ich nach Hause gekommen. Darmstadt ist der intensivste Ort f\u00fcr den Austausch \u00fcber Neue Musik. Bin gespannt, welcher Geist 2016 wehen wird. Ich kann mir denken, dass die n\u00e4chste Generation in den Startl\u00f6chern sitzt.<\/p>\n<p><a href=\"https:\/\/fbcdn-sphotos-c-a.akamaihd.net\/hphotos-ak-xaf1\/v\/t1.0-9\/10593212_743016582410908_2868890954896401860_n.jpg?oh=877e97ff7ad8a09da7f8661e9a320372&#038;oe=545DDEF1&#038;__gda__=1415490624_7bdf752fb44c9e5823baab0c58b46bf2\"><img loading=\"lazy\" decoding=\"async\" alt=\"\" src=\"https:\/\/fbcdn-sphotos-c-a.akamaihd.net\/hphotos-ak-xaf1\/v\/t1.0-9\/10593212_743016582410908_2868890954896401860_n.jpg?oh=877e97ff7ad8a09da7f8661e9a320372&#038;oe=545DDEF1&#038;__gda__=1415490624_7bdf752fb44c9e5823baab0c58b46bf2\" class=\"alignnone\" width=\"480\" height=\"320\" \/><\/a><\/p>\n<p>Foto oben: Jenny Walshe&#8217;s Workshop.<\/p>\n<p><a href=\"https:\/\/imgflip.com\/i\/b7rxn\"><img decoding=\"async\" src=\"https:\/\/i.imgflip.com\/b7rxn.jpg\" title=\"made at imgflip.com\"\/><\/a><\/p>\n<p><iframe loading=\"lazy\" width=\"500\" height=\"281\" src=\"\/\/www.youtube.com\/embed\/SYR_3Ua0abo\" frameborder=\"0\" allowfullscreen><\/iframe><\/p>\n<p>(Video von <a href=\"http:\/\/klang-teppich.blogspot.de\/2014\/08\/darmstadt-believing.html\">Niclas Thobaben<\/a>)<\/p>\n","protected":false},"excerpt":{"rendered":"<p>Die 47. Darmst\u00e4dter Ferienkurse f\u00fcr Neue Musik, neben den Donaueschinger Musiktagen das bedeutendste Festival f\u00fcr Neue Musik, sind zu Ende. Ich war die ersten 10 Tage vor Ort, teilweise mit meinem eigenen Projekt sehr besch\u00e4ftigt, zum anderen Teil habe ich dann viele Vortr\u00e4ge, Gespr\u00e4che und Konzerte besucht und viele (mir) bekannte und unbekannte Kollegen getroffen. [&hellip;]<\/p>\n","protected":false},"author":1,"featured_media":0,"comment_status":"open","ping_status":"open","sticky":false,"template":"","format":"standard","meta":{"_links_to":"","_links_to_target":"","footnotes":""},"categories":[10],"tags":[],"class_list":["post-13467","post","type-post","status-publish","format-standard","hentry","category-aufklaerung"],"_links":{"self":[{"href":"http:\/\/www.kulturtechno.de\/index.php?rest_route=\/wp\/v2\/posts\/13467"}],"collection":[{"href":"http:\/\/www.kulturtechno.de\/index.php?rest_route=\/wp\/v2\/posts"}],"about":[{"href":"http:\/\/www.kulturtechno.de\/index.php?rest_route=\/wp\/v2\/types\/post"}],"author":[{"embeddable":true,"href":"http:\/\/www.kulturtechno.de\/index.php?rest_route=\/wp\/v2\/users\/1"}],"replies":[{"embeddable":true,"href":"http:\/\/www.kulturtechno.de\/index.php?rest_route=%2Fwp%2Fv2%2Fcomments&post=13467"}],"version-history":[{"count":17,"href":"http:\/\/www.kulturtechno.de\/index.php?rest_route=\/wp\/v2\/posts\/13467\/revisions"}],"predecessor-version":[{"id":13516,"href":"http:\/\/www.kulturtechno.de\/index.php?rest_route=\/wp\/v2\/posts\/13467\/revisions\/13516"}],"wp:attachment":[{"href":"http:\/\/www.kulturtechno.de\/index.php?rest_route=%2Fwp%2Fv2%2Fmedia&parent=13467"}],"wp:term":[{"taxonomy":"category","embeddable":true,"href":"http:\/\/www.kulturtechno.de\/index.php?rest_route=%2Fwp%2Fv2%2Fcategories&post=13467"},{"taxonomy":"post_tag","embeddable":true,"href":"http:\/\/www.kulturtechno.de\/index.php?rest_route=%2Fwp%2Fv2%2Ftags&post=13467"}],"curies":[{"name":"wp","href":"https:\/\/api.w.org\/{rel}","templated":true}]}}