{"id":13453,"date":"2014-08-14T11:29:32","date_gmt":"2014-08-14T09:29:32","guid":{"rendered":"http:\/\/www.kulturtechno.de\/?p=13453"},"modified":"2014-08-14T21:21:29","modified_gmt":"2014-08-14T19:21:29","slug":"audioguide-erste-bilder","status":"publish","type":"post","link":"http:\/\/www.kulturtechno.de\/?p=13453","title":{"rendered":"Audioguide, erste Bilder"},"content":{"rendered":"<p>Die gro\u00dfe Sause in Darmstadt ist vorbei, in n\u00e4chster Zeit werden hier Ausschnitte aus meinem 7st\u00fcndigen Musiktheater &#8222;Audioguide&#8220; erscheinen. Noch ist nicht alles Videomaterial bei mir eingetroffen, aber es gibt jetzt zumindest schon mal Uploads aus dem Publikum, und ein paar vorproduzierte Clips. F\u00fcr den geneigten Leser.<\/p>\n<p><iframe loading=\"lazy\" width=\"500\" height=\"375\" src=\"\/\/www.youtube.com\/embed\/gMOLpa_lrLw\" frameborder=\"0\" allowfullscreen><\/iframe><\/p>\n<blockquote class=\"twitter-tweet\" lang=\"de\">\n<p>Smashing violins in Johannes Kreidler&#39;s 7hr Talkshow <a href=\"https:\/\/twitter.com\/hashtag\/darmstadt?src=hash\">#darmstadt<\/a> <a href=\"http:\/\/t.co\/257kl0BGPW\">http:\/\/t.co\/257kl0BGPW<\/a><\/p>\n<p>&mdash; peter (@petermeanwell) <a href=\"https:\/\/twitter.com\/petermeanwell\/statuses\/496568406586716161\">5. August 2014<\/a><\/p><\/blockquote>\n<p><script async src=\"\/\/platform.twitter.com\/widgets.js\" charset=\"utf-8\"><\/script><\/p>\n<p><iframe loading=\"lazy\" src=\"\/\/instagram.com\/p\/rTzCDlkfVE\/embed\/\" width=\"500\" height=\"580\" frameborder=\"0\" scrolling=\"no\" allowtransparency=\"true\"><\/iframe><\/p>\n<blockquote class=\"twitter-tweet\" lang=\"de\">\n<p>Three hours in to the Kriedler <a href=\"https:\/\/twitter.com\/hashtag\/4togo?src=hash\">#4togo<\/a> <a href=\"https:\/\/twitter.com\/hashtag\/darmstadt?src=hash\">#darmstadt<\/a> <a href=\"http:\/\/t.co\/0bB24HwqcF\">http:\/\/t.co\/0bB24HwqcF<\/a><\/p>\n<p>&mdash; peter (@petermeanwell) <a href=\"https:\/\/twitter.com\/petermeanwell\/statuses\/496391213356826624\">4. August 2014<\/a><\/p><\/blockquote>\n<p><script async src=\"\/\/platform.twitter.com\/widgets.js\" charset=\"utf-8\"><\/script><\/p>\n<p><iframe loading=\"lazy\" src=\"\/\/instagram.com\/p\/rSidAoEfV6\/embed\/\" width=\"500\" height=\"580\" frameborder=\"0\" scrolling=\"no\" allowtransparency=\"true\"><\/iframe><\/p>\n<p><a href=\"http:\/\/www.echo-online.de\/storage\/scl\/ngen\/freizeit\/kunstkultur\/musik\/konzerte\/1277042_m1w740q100v35466_81-27829379_81-27827815_BILD1.jpg?version=1407258843\"><img loading=\"lazy\" decoding=\"async\" alt=\"\" src=\"http:\/\/www.echo-online.de\/storage\/scl\/ngen\/freizeit\/kunstkultur\/musik\/konzerte\/1277042_m1w740q100v35466_81-27829379_81-27827815_BILD1.jpg?version=1407258843\" class=\"alignnone\" width=\"500\" height=\"333\" \/><\/a><\/p>\n<p><a href=\"http:\/\/www.echo-online.de\/storage\/scl\/ngen\/freizeit\/kunstkultur\/musik\/konzerte\/1277043_m1w740q100v45359_81-27830050_81-27827818_BILD2.jpg?version=1407258844\"><img loading=\"lazy\" decoding=\"async\" alt=\"\" src=\"http:\/\/www.echo-online.de\/storage\/scl\/ngen\/freizeit\/kunstkultur\/musik\/konzerte\/1277043_m1w740q100v45359_81-27830050_81-27827818_BILD2.jpg?version=1407258844\" class=\"alignnone\" width=\"500\" height=\"375\" \/><\/a><\/p>\n<p><a href=\"http:\/\/blogs.nmz.de\/badblog\/files\/2014\/08\/image10-1024x768.jpg\" rel=\"lightbox[13453]\"><img loading=\"lazy\" decoding=\"async\" alt=\"\" src=\"http:\/\/blogs.nmz.de\/badblog\/files\/2014\/08\/image10-1024x768.jpg\" class=\"alignnone\" width=\"500\" height=\"375\" \/><\/a><\/p>\n<p><a href=\"http:\/\/blogs.nmz.de\/badblog\/files\/2014\/08\/image5-1024x768.jpg\" rel=\"lightbox[13453]\"><img loading=\"lazy\" decoding=\"async\" alt=\"\" src=\"http:\/\/blogs.nmz.de\/badblog\/files\/2014\/08\/image5-1024x768.jpg\" class=\"alignnone\" width=\"500\" height=\"375\" \/><\/a><\/p>\n<p><a href=\"http:\/\/blogs.nmz.de\/badblog\/files\/2014\/08\/image3-1024x768.jpg\" rel=\"lightbox[13453]\"><img loading=\"lazy\" decoding=\"async\" alt=\"\" src=\"http:\/\/blogs.nmz.de\/badblog\/files\/2014\/08\/image3-1024x768.jpg\" class=\"alignnone\" width=\"500\" height=\"375\" \/><\/a><\/p>\n<p><a href=\"http:\/\/blogs.nmz.de\/badblog\/files\/2014\/08\/image-1024x768.jpg\" rel=\"lightbox[13453]\"><img loading=\"lazy\" decoding=\"async\" alt=\"\" src=\"http:\/\/blogs.nmz.de\/badblog\/files\/2014\/08\/image-1024x768.jpg\" class=\"alignnone\" width=\"500\" height=\"375\" \/><\/a><\/p>\n<p><a href=\"https:\/\/pbs.twimg.com\/media\/BuOplulIAAAP_iX.jpg:large\"><img loading=\"lazy\" decoding=\"async\" alt=\"\" src=\"https:\/\/pbs.twimg.com\/media\/BuOplulIAAAP_iX.jpg:large\" class=\"alignnone\" width=\"500\" height=\"667\" \/><\/a><\/p>\n<p><a href=\"https:\/\/pbs.twimg.com\/media\/BuOrDQ0IcAAimdG.jpg:large\"><img loading=\"lazy\" decoding=\"async\" alt=\"\" src=\"https:\/\/pbs.twimg.com\/media\/BuOrDQ0IcAAimdG.jpg:large\" class=\"alignnone\" width=\"500\" height=\"667\" \/><\/a><\/p>\n<p><iframe loading=\"lazy\" width=\"500\" height=\"375\" src=\"\/\/www.youtube.com\/embed\/t3bN_7vifGM\" frameborder=\"0\" allowfullscreen><\/iframe><\/p>\n<p><iframe loading=\"lazy\" width=\"500\" height=\"375\" src=\"\/\/www.youtube.com\/embed\/Tqs-k2EnQLQ\" frameborder=\"0\" allowfullscreen><\/iframe><\/p>\n<p><iframe loading=\"lazy\" width=\"100%\" height=\"150\" scrolling=\"no\" frameborder=\"no\" src=\"https:\/\/w.soundcloud.com\/player\/?url=https%3A\/\/api.soundcloud.com\/tracks\/162638522&amp;auto_play=false&amp;hide_related=false&amp;show_comments=true&amp;show_user=true&amp;show_reposts=false&amp;visual=true\"><\/iframe><\/p>\n","protected":false},"excerpt":{"rendered":"<p>Die gro\u00dfe Sause in Darmstadt ist vorbei, in n\u00e4chster Zeit werden hier Ausschnitte aus meinem 7st\u00fcndigen Musiktheater &#8222;Audioguide&#8220; erscheinen. Noch ist nicht alles Videomaterial bei mir eingetroffen, aber es gibt jetzt zumindest schon mal Uploads aus dem Publikum, und ein paar vorproduzierte Clips. F\u00fcr den geneigten Leser. Smashing violins in Johannes Kreidler&#39;s 7hr Talkshow #darmstadt [&hellip;]<\/p>\n","protected":false},"author":1,"featured_media":0,"comment_status":"open","ping_status":"open","sticky":false,"template":"","format":"standard","meta":{"_links_to":"","_links_to_target":"","footnotes":""},"categories":[3],"tags":[],"class_list":["post-13453","post","type-post","status-publish","format-standard","hentry","category-id"],"_links":{"self":[{"href":"http:\/\/www.kulturtechno.de\/index.php?rest_route=\/wp\/v2\/posts\/13453"}],"collection":[{"href":"http:\/\/www.kulturtechno.de\/index.php?rest_route=\/wp\/v2\/posts"}],"about":[{"href":"http:\/\/www.kulturtechno.de\/index.php?rest_route=\/wp\/v2\/types\/post"}],"author":[{"embeddable":true,"href":"http:\/\/www.kulturtechno.de\/index.php?rest_route=\/wp\/v2\/users\/1"}],"replies":[{"embeddable":true,"href":"http:\/\/www.kulturtechno.de\/index.php?rest_route=%2Fwp%2Fv2%2Fcomments&post=13453"}],"version-history":[{"count":14,"href":"http:\/\/www.kulturtechno.de\/index.php?rest_route=\/wp\/v2\/posts\/13453\/revisions"}],"predecessor-version":[{"id":13484,"href":"http:\/\/www.kulturtechno.de\/index.php?rest_route=\/wp\/v2\/posts\/13453\/revisions\/13484"}],"wp:attachment":[{"href":"http:\/\/www.kulturtechno.de\/index.php?rest_route=%2Fwp%2Fv2%2Fmedia&parent=13453"}],"wp:term":[{"taxonomy":"category","embeddable":true,"href":"http:\/\/www.kulturtechno.de\/index.php?rest_route=%2Fwp%2Fv2%2Fcategories&post=13453"},{"taxonomy":"post_tag","embeddable":true,"href":"http:\/\/www.kulturtechno.de\/index.php?rest_route=%2Fwp%2Fv2%2Ftags&post=13453"}],"curies":[{"name":"wp","href":"https:\/\/api.w.org\/{rel}","templated":true}]}}