{"id":13441,"date":"2014-07-19T05:07:23","date_gmt":"2014-07-19T03:07:23","guid":{"rendered":"http:\/\/www.kulturtechno.de\/?p=13441"},"modified":"2014-07-23T09:51:22","modified_gmt":"2014-07-23T07:51:22","slug":"audioguide-programmtext-kulturtechno-sommerpause","status":"publish","type":"post","link":"http:\/\/www.kulturtechno.de\/?p=13441","title":{"rendered":"Audioguide Programmtext \/ Kulturtechno Sommerpause"},"content":{"rendered":"<p>Am 4.8. ist es so weit, mein neues Musiktheater &#8222;Audioguide&#8220; hat Premiere bei den Darmst\u00e4dter Ferienkursen f\u00fcr Neue Musik. 19h, Centralstation Darmstadt.<\/p>\n<p>Das ist der Programmtext:<\/p>\n<p>&nbsp;<\/p>\n<p>Johannes Kreidler (1980)<br \/>\n<strong>Audioguide<\/strong> (2013\/14)<\/p>\n<p>Musiktheater<br \/>\n(Fortsetzung von &#8222;Feeds. H\u00f6ren TV&#8220;)<\/p>\n<p>f\u00fcr 4 Schauspieler, 6 Musiker, Video und G\u00e4ste<\/p>\n<p>&nbsp;<\/p>\n<p>Tammo Messow, Tom Pilath, Andrea Seitz, Peer Blank<br \/>\nEnsemble neoN: Heloisa Amaral, Inga Byrkjeland, Karin Hellqvist, Ane Holen, Yumi Murakami, Kristine Tj\u00f8gersen<br \/>\nFelix Dreher<br \/>\nPhilipp Blume, Wieland Hoban<br \/>\nEric Moreira, Ruben Mattia Santorsa<br \/>\nStefan Fricke, Johannes Kreidler<\/p>\n<p>&nbsp;<\/p>\n<p><em>Audioguide<\/em> ist eine inszenierte Talkshow \u00fcber \u00e4sthetische Effekte des Terrorismus, turbokapitalistische Kunstproduktion, hypermoderne Zahlen, Musikpsychologie, Feminismus, die Kreisbewegung, Hass auf Altes, Sozialnetzwerkdiskussionen politischer Kunstaktionen, \u00a0Sch\u00f6nheitsideale, Waldgang, Geld, virtuelle Fremdarbeit, Macbeth, Stockhausen, Derrida, und \u00fcber die funktionale Differenzierung der Gesellschaft.<br \/>\nZeitgleich ist es eine Konzeptualismus-Oper, <em>Sonatas and Interludes<\/em> f\u00fcr pr\u00e4pariertes H\u00f6ren, Formatexposition und Praxis des erweiterten Musikbegriffs.<\/p>\n<p>Triggerwarnungen:<br \/>\nEine gro\u00dfe Menge Geigen wird zerst\u00f6rt<br \/>\nFSK 18<\/p>\n<p>Das St\u00fcck dauert 7 Stunden, es gibt keine Pause (Ein- und Ausgehen ist m\u00f6glich).<\/p>\n<p>&nbsp;<\/p>\n<p>Eine Co-Produktion der Darmst\u00e4dter Ferienkurse f\u00fcr Neue Musik, des Ultima Festival Oslo und des Fonds Experimentelles Musiktheater NRW<\/p>\n<p>&nbsp;<\/p>\n<p><a href=\"http:\/\/www.kreidler-net.de\/kulturtechno-files\/ag1.gif\" rel=\"lightbox[13441]\"><img loading=\"lazy\" decoding=\"async\" alt=\"\" src=\"http:\/\/www.kreidler-net.de\/kulturtechno-files\/ag1.gif\" class=\"alignnone\" width=\"500\" height=\"301\" \/><\/a><\/p>\n<p><a href=\"http:\/\/www.kreidler-net.de\/kulturtechno-files\/ag2.gif\" rel=\"lightbox[13441]\"><img loading=\"lazy\" decoding=\"async\" alt=\"\" src=\"http:\/\/www.kreidler-net.de\/kulturtechno-files\/ag2.gif\" class=\"alignnone\" width=\"500\" height=\"366\" \/><\/a><\/p>\n<p><a href=\"http:\/\/www.kreidler-net.de\/kulturtechno-files\/ag3.gif\" rel=\"lightbox[13441]\"><img loading=\"lazy\" decoding=\"async\" alt=\"\" src=\"http:\/\/www.kreidler-net.de\/kulturtechno-files\/ag3.gif\" class=\"alignnone\" width=\"500\" height=\"53\" \/><\/a><\/p>\n<p><a href=\"http:\/\/www.kreidler-net.de\/kulturtechno-files\/ag4.jpg\" rel=\"lightbox[13441]\"><img loading=\"lazy\" decoding=\"async\" alt=\"\" src=\"http:\/\/www.kreidler-net.de\/kulturtechno-files\/ag4.jpg\" class=\"alignnone\" width=\"500\" height=\"281\" \/><\/a><\/p>\n<p><a href=\"http:\/\/www.kreidler-net.de\/kulturtechno-files\/ag5.gif\" rel=\"lightbox[13441]\"><img loading=\"lazy\" decoding=\"async\" alt=\"\" src=\"http:\/\/www.kreidler-net.de\/kulturtechno-files\/ag5.gif\" class=\"alignnone\" width=\"350\" height=\"486\" \/><\/a><\/p>\n<p><a href=\"http:\/\/www.kreidler-net.de\/kulturtechno-files\/ag6.gif\" rel=\"lightbox[13441]\"><img loading=\"lazy\" decoding=\"async\" alt=\"\" src=\"http:\/\/www.kreidler-net.de\/kulturtechno-files\/ag6.gif\" class=\"alignnone\" width=\"333\" height=\"452\" \/><\/a><\/p>\n<p><a href=\"http:\/\/www.kreidler-net.de\/kulturtechno-files\/ag7.gif\" rel=\"lightbox[13441]\"><img loading=\"lazy\" decoding=\"async\" alt=\"\" src=\"http:\/\/www.kreidler-net.de\/kulturtechno-files\/ag7.gif\" class=\"alignnone\" width=\"359\" height=\"500\" \/><\/a><\/p>\n<p><a href=\"http:\/\/www.kreidler-net.de\/kulturtechno-files\/ag8.gif\" rel=\"lightbox[13441]\"><img loading=\"lazy\" decoding=\"async\" alt=\"\" src=\"http:\/\/www.kreidler-net.de\/kulturtechno-files\/ag8.gif\" class=\"alignnone\" width=\"333\" height=\"438\" \/><\/a><\/p>\n<p><a href=\"http:\/\/www.kreidler-net.de\/kulturtechno-files\/ag9.gif\" rel=\"lightbox[13441]\"><img loading=\"lazy\" decoding=\"async\" alt=\"\" src=\"http:\/\/www.kreidler-net.de\/kulturtechno-files\/ag9.gif\" class=\"alignnone\" width=\"333\" height=\"436\" \/><\/a><\/p>\n<p><a href=\"http:\/\/www.kreidler-net.de\/kulturtechno-files\/ag10.gif\" rel=\"lightbox[13441]\"><img loading=\"lazy\" decoding=\"async\" alt=\"\" src=\"http:\/\/www.kreidler-net.de\/kulturtechno-files\/ag10.gif\" class=\"alignnone\" width=\"500\" height=\"687\" \/><\/a><\/p>\n<p>Hier gibt es einen <a href=\"http:\/\/www.echo-online.de\/freizeit\/kunstkultur\/musik\/Darmstaedter-Ferienkurse-fuer-Neue-Musik-nehmen-schon-jetzt-Gestalt-an;art641,5219348\">Zeitungsartikel<\/a>, der die Kurse und auch mein St\u00fcck ank\u00fcndigt.<\/p>\n<p>Damit verabschiedet sich Kulturtechno in die Sommerpause bis Mitte August!<\/p>\n","protected":false},"excerpt":{"rendered":"<p>Am 4.8. ist es so weit, mein neues Musiktheater &#8222;Audioguide&#8220; hat Premiere bei den Darmst\u00e4dter Ferienkursen f\u00fcr Neue Musik. 19h, Centralstation Darmstadt. Das ist der Programmtext: &nbsp; Johannes Kreidler (1980) Audioguide (2013\/14) Musiktheater (Fortsetzung von &#8222;Feeds. H\u00f6ren TV&#8220;) f\u00fcr 4 Schauspieler, 6 Musiker, Video und G\u00e4ste &nbsp; Tammo Messow, Tom Pilath, Andrea Seitz, Peer Blank [&hellip;]<\/p>\n","protected":false},"author":1,"featured_media":0,"comment_status":"open","ping_status":"open","sticky":false,"template":"","format":"standard","meta":{"_links_to":"","_links_to_target":"","footnotes":""},"categories":[3],"tags":[],"class_list":["post-13441","post","type-post","status-publish","format-standard","hentry","category-id"],"_links":{"self":[{"href":"http:\/\/www.kulturtechno.de\/index.php?rest_route=\/wp\/v2\/posts\/13441"}],"collection":[{"href":"http:\/\/www.kulturtechno.de\/index.php?rest_route=\/wp\/v2\/posts"}],"about":[{"href":"http:\/\/www.kulturtechno.de\/index.php?rest_route=\/wp\/v2\/types\/post"}],"author":[{"embeddable":true,"href":"http:\/\/www.kulturtechno.de\/index.php?rest_route=\/wp\/v2\/users\/1"}],"replies":[{"embeddable":true,"href":"http:\/\/www.kulturtechno.de\/index.php?rest_route=%2Fwp%2Fv2%2Fcomments&post=13441"}],"version-history":[{"count":9,"href":"http:\/\/www.kulturtechno.de\/index.php?rest_route=\/wp\/v2\/posts\/13441\/revisions"}],"predecessor-version":[{"id":13452,"href":"http:\/\/www.kulturtechno.de\/index.php?rest_route=\/wp\/v2\/posts\/13441\/revisions\/13452"}],"wp:attachment":[{"href":"http:\/\/www.kulturtechno.de\/index.php?rest_route=%2Fwp%2Fv2%2Fmedia&parent=13441"}],"wp:term":[{"taxonomy":"category","embeddable":true,"href":"http:\/\/www.kulturtechno.de\/index.php?rest_route=%2Fwp%2Fv2%2Fcategories&post=13441"},{"taxonomy":"post_tag","embeddable":true,"href":"http:\/\/www.kulturtechno.de\/index.php?rest_route=%2Fwp%2Fv2%2Ftags&post=13441"}],"curies":[{"name":"wp","href":"https:\/\/api.w.org\/{rel}","templated":true}]}}