{"id":13435,"date":"2014-07-18T11:44:13","date_gmt":"2014-07-18T09:44:13","guid":{"rendered":"http:\/\/www.kulturtechno.de\/?p=13435"},"modified":"2014-07-18T11:45:11","modified_gmt":"2014-07-18T09:45:11","slug":"n-5%e2%88%86%c2%b0-%e2%80%99-h3s%e2%80%9c-unmogliche-gema-titel","status":"publish","type":"post","link":"http:\/\/www.kulturtechno.de\/?p=13435","title":{"rendered":"N 5\u2206\u00b0 $\u2019 h3,s\u201c &#8211; unm\u00f6gliche GEMA-Titel"},"content":{"rendered":"<p>Aktuell gibt es den Fall, dass das Frankfurter Klangk\u00fcnstler-Duo <a href=\"http:\/\/www.clubbleu.de\/\">CLUBbleu<\/a> eine CD aufgenommen hat, deren Titel lauten:<\/p>\n<p>1. N 5\u2206\u00b0 $\u2019 h3,s\u201c<br \/>\n2. E H\u00b0 \u00a58\u2019 r!,d\u201c<br \/>\n3. N 5D\u00b0 \u00b5\u2019 Bs,8\u201c<br \/>\n4. E S\u00b0 \u00a9r\u2019 49,eR5\u201c<br \/>\n5. W 5@\u00b0 1\u2019 !3,n\u201c<br \/>\n6. A 0\u00b0 $c\u2019 \u00a11,l\u201c<br \/>\n7. L \u00cfn\u00b0 5\u2019 \u2211,<\u2020\u00a7\u201c\n8. L S\u00b0 7\u00f8\u2019 N\u20ac,d\u201c\n9. A T\u00ae\u00b0 \u2206\u2019 \u0192,F!\u00a2\u201c\n10. N B\u00b0 3\u00a5\u2019 0n,D\u201c\n11. L 5R\u00b0 \u00a1\u2019 o,+\u201c\n12. A 4\u00b0 \u03a9v\u2019 @7,i\u00e7\u201c\n13. G 5P\u00b0 \u00b5\u2019 1\u00bf,a\u221a\u201c\n14. E D\u00b0 \u00f8W\u2019 n\u2020,!m3\u201c\n15. N Cr\u00b0 0\u2019 $5,\u00cen6\u201c\n\n<a href=\"http:\/\/couldntfindabomb.files.wordpress.com\/2014\/07\/a2579623996_10.jpg?w=450&#038;h=450\"><img loading=\"lazy\" decoding=\"async\" alt=\"\" src=\"http:\/\/couldntfindabomb.files.wordpress.com\/2014\/07\/a2579623996_10.jpg?w=450&#038;h=450\" class=\"alignnone\" width=\"222\" height=\"222\" \/><\/a><\/p>\n<p>&#8222;Unsere Werktitel bestanden aus einem wohl durchdachten System aus GPS-Daten ausgew\u00e4hlter Orte der Stadt Frankfurt\/Main sowie \u00dcbersetzungen ins Leetspeak.&#8220; schreiben die K\u00fcnstler. Bei der GEMA hingegen nahm man erst mal eine Formatierungspanne an, und nachdem die Richtigkeit der Titel von den Urhebern best\u00e4tigt wurde, hat die GEMA erkl\u00e4rt, dass solche Titel bei ihnen nicht gehen und hat alle 15 Tracks stattdessen mit dem Titel &#8222;-&#8220; versehen. Die K\u00fcnstler sehen hier einen unangemessenen Eingriff in ihre k\u00fcnstlerische Freiheit, gegen den sie protestieren:<\/p>\n<blockquote><p>   \u201cSpiel &#038; Spa\u00df mit der \u202a#\u200eGEMA\u202c !!! EDV-Konzeptualismus. Danke, liebe GEMA, f\u00fcr\u2019s Mitkomponieren! Am 16.7.2014 f\u00fchren wir unsere Komposition \u201eDARK ENERGY \u2013 frankfurt album\u201c urauf, die aus 15 Einzels\u00e4tzen besteht, von denen mittlerweile offiziell jeder Satz den Titel \u201e \u2013 \u201c tr\u00e4gt. Diese \u00e4u\u00dferst kreativen und genial ausgekl\u00fcgelten Namen erhielten unsere Kompositionen von der GEMA, die sich weigerte, unsere Werktitel zu \u00fcbernehmen. Nachdem wir einen panischen Anruf einer \u00fcberforderten GEMA \u2013 Schreibkraft bekamen, die nach Anmeldung unserer Komposition massive Formatierungs-Unf\u00e4lle bef\u00fcrchtete, teilten wir der GEMA mit, dass die von uns eingereichte Liste genau so, wie sie ist, ihre Richtigkeit hat. Unsere Werktitel bestanden aus einem wohl durchdachten System aus GPS-Daten ausgew\u00e4hlter Orte der Stadt Frankfurt\/Main sowie \u00dcbersetzungen ins Leetspeak. Die Titel der Einzels\u00e4tze hatten einen f\u00fcr uns inhaltlich unerl\u00e4sslichen Bezug zur Gesamtkomposition. Doch leider ist das anscheinend in h\u00f6chstem Ma\u00dfe eingeschr\u00e4nkte und absolut veraltete Verarbeitungssystem der GEMA nicht in der Lage, solche Werktitel aufzunehmen! Das bedeutet: Entweder man benutzt seine Computertastatur m\u00f6glichst ohne die \u201ealt\u201c \u2013 Taste, oder die GEMA beteiligt sich ungefragt am kompositorischen Prozess. Wenn es einen Sinn gemacht h\u00e4tte, alle Einzels\u00e4tze mit \u201e \u2013 \u201c zu betiteln, liebe GEMA, dann h\u00e4tten wir das gerne selbst gemacht! Wir betrachten das als eine Form von Zensur und damit verbunden als eine k\u00fcnstlerische Einschr\u00e4nkung, die absolut untragbar ist! Das w\u00e4re ja so, als ob ein Verlag sagen w\u00fcrde \u201eLeider k\u00f6nnen wir Ihre Komposition so nicht abdrucken, weil sie Sonderzeichen enth\u00e4lt, die in unserem Notenprogramm nicht vorhanden sind. Daher haben wir diese durch Pausen erg\u00e4nzt.\u201c Da fragen wir uns ernsthaft, wie es sein kann, dass DIE Gesellschaft f\u00fcr musikalische Auff\u00fchrungs- und Vervielf\u00e4ltigungsrechte in Deutschland nicht in der Lage ist, uneingeschr\u00e4nkt auf wie auch immer gew\u00e4hlte Werktitel der K\u00fcnstler einzugehen, die sie selbst vertritt??!! Ganz ehrlich, wir d\u00fcrfen einem St\u00fcck keinen Werktitel wie L \u00cfn\u00b0 5\u2019 \u2211,<\u2020\u00a7\u201c geben, aber wenn wir es stattdessen \u201eFICK MICH MIT EINER GABEL IN DEN ARSCH\u201c genannt h\u00e4tten, w\u00e4r\u2019s super gewesen, weil es ins EDV-System passt????!!!\n\n    Wir nehmen die Ank\u00fcndigung unserer Urauff\u00fchrung zum Anlass, \u00f6ffentlich auf diesen Missstand aufmerksam zu machen! Wer Lust hat auf einen ganzen Abend voller \u201e \u2013 \u201c, ist herzlich eingeladen, am kommenden Mittwoch (16.7.) im historischen museum frankfurt vorbeizuschauen. Konzertbeginn 19:00 Uhr. Live \u2013 Electronix, Live-Visualz, Lounge-Atmo &#038; \u201e-\u201c !\u201d\n\n<\/p><\/blockquote>\n<p>Vor einigen Jahren hat Alexander Grebtschenko ein St\u00fcck mit dem Titel &#8222;<del datetime=\"2014-07-18T09:27:55+00:00\">durchgestrichen<\/del>&#8220; komponiert, den hat die GEMA damals auch nicht akzeptiert. <\/p>\n<p>Das r\u00fchrt &#8211; mal wieder &#8211; an dem grunds\u00e4tzlichen Problem der GEMA: Dass sie die Musik formalisieren muss. Auf dem Werkanmeldebogen wird beispielsweise nach &#8222;Anzahl der selbst\u00e4ndig gef\u00fchrten Stimmen&#8220; oder nach &#8222;Opuszahl&#8220; gefragt, Kategorien, die irgendwie nicht mehr so ganz einiger gegenw\u00e4rtiger Musikproduktionen entsprechen. Ich hatte seinerzeit ja an dem Passus \u00fcber Fremdanteile (\u201eOriginaltitel von verwendeten Volksweisen oder anderer im Original urheberrechtlich freier Werke sind hier zu nennen. Wurden urheberrechtlich gesch\u00fctzte Werke verwendet, ist generell die Genehmigung der Rechteinhaber der gesch\u00fctzten Werke in Kopie beizuf\u00fcgen. Die immer noch weit verbreitete Ansicht, dass acht oder auch vier Takte ohne Zustimmung benutzt werden d\u00fcrfen, ist falsch.\u201c) <a href=\"http:\/\/www.kreidler-net.de\/productplacements.html\">eine ganze Aktion aufgeh\u00e4ngt<\/a>.<\/p>\n<p>Hier scheint das Problem aber schlichtweg in der EDV zu liegen &#8211; Sonderzeichen in Musiktiteln sind bei der GEMA nicht vorgesehen. Ob das nun k\u00fcnstlerisch beschneidend \/ praktikabel ist, die Zwangsumbenennung in der Datenbank, die dann immer mit den eigentlichen Titeln abgeglichen werden muss, wird sich noch zeigen, peinlich ist es jedenfalls f\u00fcr die GEMA schon ein bisschen, dass derlei Zeichen nicht kompatibel sind und dass sie kurzerhand diese &#8218;kreative&#8216; Umbenennung vornimmt.<\/p>\n<p>(via <a href=\"http:\/\/couldntfindabomb.net\/2014\/07\/14\/edv-konzeptualismus-bei-der-gema\/\">couldn&#8217;t find a bomb<\/a>)<\/p>\n<p>Siehe auch Alexander Strauchs Artikel zu dem Fall im <a href=\"http:\/\/blogs.nmz.de\/badblog\/2014\/07\/15\/gema-wirklich-ungemach-mit-exotischen-werktiteln\/\">Bad Blog<\/a>.<\/p>\n","protected":false},"excerpt":{"rendered":"<p>Aktuell gibt es den Fall, dass das Frankfurter Klangk\u00fcnstler-Duo CLUBbleu eine CD aufgenommen hat, deren Titel lauten: 1. N 5\u2206\u00b0 $\u2019 h3,s\u201c 2. E H\u00b0 \u00a58\u2019 r!,d\u201c 3. N 5D\u00b0 \u00b5\u2019 Bs,8\u201c 4. E S\u00b0 \u00a9r\u2019 49,eR5\u201c 5. W 5@\u00b0 1\u2019 !3,n\u201c 6. A 0\u00b0 $c\u2019 \u00a11,l\u201c 7. L \u00cfn\u00b0 5\u2019 \u2211,<\/p>\n","protected":false},"author":1,"featured_media":0,"comment_status":"open","ping_status":"open","sticky":false,"template":"","format":"standard","meta":{"_links_to":"","_links_to_target":"","footnotes":""},"categories":[15],"tags":[],"class_list":["post-13435","post","type-post","status-publish","format-standard","hentry","category-kritik-der-reinen-vernunft"],"_links":{"self":[{"href":"http:\/\/www.kulturtechno.de\/index.php?rest_route=\/wp\/v2\/posts\/13435"}],"collection":[{"href":"http:\/\/www.kulturtechno.de\/index.php?rest_route=\/wp\/v2\/posts"}],"about":[{"href":"http:\/\/www.kulturtechno.de\/index.php?rest_route=\/wp\/v2\/types\/post"}],"author":[{"embeddable":true,"href":"http:\/\/www.kulturtechno.de\/index.php?rest_route=\/wp\/v2\/users\/1"}],"replies":[{"embeddable":true,"href":"http:\/\/www.kulturtechno.de\/index.php?rest_route=%2Fwp%2Fv2%2Fcomments&post=13435"}],"version-history":[{"count":4,"href":"http:\/\/www.kulturtechno.de\/index.php?rest_route=\/wp\/v2\/posts\/13435\/revisions"}],"predecessor-version":[{"id":13439,"href":"http:\/\/www.kulturtechno.de\/index.php?rest_route=\/wp\/v2\/posts\/13435\/revisions\/13439"}],"wp:attachment":[{"href":"http:\/\/www.kulturtechno.de\/index.php?rest_route=%2Fwp%2Fv2%2Fmedia&parent=13435"}],"wp:term":[{"taxonomy":"category","embeddable":true,"href":"http:\/\/www.kulturtechno.de\/index.php?rest_route=%2Fwp%2Fv2%2Fcategories&post=13435"},{"taxonomy":"post_tag","embeddable":true,"href":"http:\/\/www.kulturtechno.de\/index.php?rest_route=%2Fwp%2Fv2%2Ftags&post=13435"}],"curies":[{"name":"wp","href":"https:\/\/api.w.org\/{rel}","templated":true}]}}