{"id":13248,"date":"2014-06-15T07:27:37","date_gmt":"2014-06-15T05:27:37","guid":{"rendered":"http:\/\/www.kulturtechno.de\/?p=13248"},"modified":"2014-06-15T10:46:36","modified_gmt":"2014-06-15T08:46:36","slug":"verlinkt-briefe-an-renner","status":"publish","type":"post","link":"http:\/\/www.kulturtechno.de\/?p=13248","title":{"rendered":"Verlinkt: Briefe an Renner"},"content":{"rendered":"<p>Einige Komponisten haben Briefe an den Berliner Kulturstaatssekret\u00e4r Tim Renner geschrieben, um f\u00fcr den Erhalt der w\u00f6chentlichen Konzertreihe &#8222;Unerh\u00f6rte Musik&#8220; zu k\u00e4mpfen. In den letzten Tagen sind manche davon auch online gestellt worden:<\/p>\n<p><a href=\"http:\/\/couldntfindabomb.net\/2014\/06\/09\/unerhort\/\">Ole H\u00fcbner<\/a><br \/>\n<a href=\"http:\/\/damussfleischdran.wordpress.com\/2014\/06\/11\/bka-brief-an-tim-renner\/\">Gordon Kampe<\/a><br \/>\n<a href=\"http:\/\/www.kulturtechno.de\/?p=13215\">Johannes Kreidler<\/a><br \/>\n<a href=\"https:\/\/www.facebook.com\/photo.php?fbid=10152202410958099&#038;set=pcb.10152202414933099&#038;type=1&#038;theater\">Geno\u00ebl Lilienstern<\/a><br \/>\n<a href=\"http:\/\/www.marcoll.de\/text\/articles\/Offener_Brief_Renner_14_06_08.pdf\">Maximilian Marcoll<\/a><br \/>\n<a href=\"https:\/\/www.facebook.com\/harald.muenz\/posts\/304860333013258\">Harald M\u00fcnz<\/a><\/p>\n","protected":false},"excerpt":{"rendered":"<p>Einige Komponisten haben Briefe an den Berliner Kulturstaatssekret\u00e4r Tim Renner geschrieben, um f\u00fcr den Erhalt der w\u00f6chentlichen Konzertreihe &#8222;Unerh\u00f6rte Musik&#8220; zu k\u00e4mpfen. In den letzten Tagen sind manche davon auch online gestellt worden: Ole H\u00fcbner Gordon Kampe Johannes Kreidler Geno\u00ebl Lilienstern Maximilian Marcoll Harald M\u00fcnz<\/p>\n","protected":false},"author":1,"featured_media":0,"comment_status":"open","ping_status":"open","sticky":false,"template":"","format":"standard","meta":{"_links_to":"","_links_to_target":"","footnotes":""},"categories":[15],"tags":[],"class_list":["post-13248","post","type-post","status-publish","format-standard","hentry","category-kritik-der-reinen-vernunft"],"_links":{"self":[{"href":"http:\/\/www.kulturtechno.de\/index.php?rest_route=\/wp\/v2\/posts\/13248"}],"collection":[{"href":"http:\/\/www.kulturtechno.de\/index.php?rest_route=\/wp\/v2\/posts"}],"about":[{"href":"http:\/\/www.kulturtechno.de\/index.php?rest_route=\/wp\/v2\/types\/post"}],"author":[{"embeddable":true,"href":"http:\/\/www.kulturtechno.de\/index.php?rest_route=\/wp\/v2\/users\/1"}],"replies":[{"embeddable":true,"href":"http:\/\/www.kulturtechno.de\/index.php?rest_route=%2Fwp%2Fv2%2Fcomments&post=13248"}],"version-history":[{"count":5,"href":"http:\/\/www.kulturtechno.de\/index.php?rest_route=\/wp\/v2\/posts\/13248\/revisions"}],"predecessor-version":[{"id":13259,"href":"http:\/\/www.kulturtechno.de\/index.php?rest_route=\/wp\/v2\/posts\/13248\/revisions\/13259"}],"wp:attachment":[{"href":"http:\/\/www.kulturtechno.de\/index.php?rest_route=%2Fwp%2Fv2%2Fmedia&parent=13248"}],"wp:term":[{"taxonomy":"category","embeddable":true,"href":"http:\/\/www.kulturtechno.de\/index.php?rest_route=%2Fwp%2Fv2%2Fcategories&post=13248"},{"taxonomy":"post_tag","embeddable":true,"href":"http:\/\/www.kulturtechno.de\/index.php?rest_route=%2Fwp%2Fv2%2Ftags&post=13248"}],"curies":[{"name":"wp","href":"https:\/\/api.w.org\/{rel}","templated":true}]}}