{"id":13215,"date":"2014-06-11T05:35:48","date_gmt":"2014-06-11T03:35:48","guid":{"rendered":"http:\/\/www.kulturtechno.de\/?p=13215"},"modified":"2014-06-10T19:36:56","modified_gmt":"2014-06-10T17:36:56","slug":"brief-an-tim-renner","status":"publish","type":"post","link":"http:\/\/www.kulturtechno.de\/?p=13215","title":{"rendered":"Brief an Tim Renner"},"content":{"rendered":"<p>Wollte ich schon seit Wochen machen, aber irgendwie nicht das Ges\u00e4\u00df hochgekriegt, jetzt also, und ich denke, jeder, aber wirklich jeder in der Neuen Musik d\u00fcrfte \u00c4hnliches denken. Seid so gut und schreibt an den Kulturstaatssekret\u00e4r. Postalisch.<br \/>\n(Siehe auch Moritz&#8216; <a href=\"http:\/\/blogs.nmz.de\/badblog\/2014\/05\/19\/gegen-das-verschwinden\/\">Aufruf<\/a>)<\/p>\n<p>+++++++++++++++++++<\/p>\n<p>Der Regierende B\u00fcrgermeister von Berlin<br \/>\nHerrn Staatssekret\u00e4r Tim Renner<br \/>\nSenatskanzlei \u2013 Kulturelle Angelegenheiten<br \/>\nBrunnenstr. 188<br \/>\n10119 Berlin<\/p>\n<p>&nbsp;<\/p>\n<p>Sehr geehrter Herr Renner,<\/p>\n<p>auch ich m\u00f6chte, nein, sehe mich gezwungen, Ihnen zu schreiben wegen des drohenden Endes der Konzertreihe \u201eUnerh\u00f6rte Musik\u201c. Sie haben schon einige Briefe deswegen erhalten, von denen mir manche bekannt sind, in keinem habe ich ein Argument gelesen, das nicht stichhaltig w\u00e4re, und ich kenne niemanden in meinem gro\u00dfen Netzwerk, der vern\u00fcnftige Gegenargumente parat h\u00e4tte.<\/p>\n<p>Mir erscheint es sinnvoll, an dieser Stelle etwas Pers\u00f6nliches zu erg\u00e4nzen &#8211; auch wenn es eigentlich nicht meine Art ist, mit derlei gewisserma\u00dfen zu prahlen &#8211; um Ihnen einen weiteren Einblick zu geben:<\/p>\n<p>Ich bin, als ein ziemlich typischer Neu-Berliner \u201eKreativer\u201c, 2006 in die Hauptstadt gezogen, nachdem ich mein Diplom als Komponist in der Tasche hatte. Der Ruf der Stadt hatte mich gelockt. Eine erste M\u00f6glichkeit eines Konzerts mit meinen neuesten St\u00fccken bot mir als junger, unbekannter K\u00fcnstler die Reihe \u201eUnerh\u00f6rte Musik\u201c.<br \/>\nNach diesem Konzert besa\u00df ich eine gute Aufnahme einer guten Auff\u00fchrung, mit der ich mich weiterbewerben konnte \u2013 bei einem Kompositionswettbewerb gewann ich auf Grundlage der damals in Berlin gespielten St\u00fccke dann einen Auftrag des Ensemble Modern. Und so weiter, ich k\u00fcrze ab: Heute bin ich ein international bekannter Komponist, der auf den gro\u00dfen Festivals f\u00fcr Neue Musik gespielt wird und der von seiner Kunst leben kann.<\/p>\n<p>Ich bin sicher, das ist nur eines von vielen Beispielen, die hier genannt werden k\u00f6nnten. Die \u201eUnerh\u00f6rte Musik\u201c hat direkt und indirekt Wirkungen und Auswirkungen buchst\u00e4blich in alle Welt, die so vielzahlig, vielf\u00e4ltig und ohne Vergleich sind, dass sie kaum \u00fcbersch\u00e4tzt werden k\u00f6nnen. Kein Wunder, dass die Warteliste f\u00fcr Auff\u00fchrungsanfragen l\u00e4nger und l\u00e4nger geworden ist.<\/p>\n<p>Die Konzertreihe \u201eUnerh\u00f6rte Musik\u201c ist in bester Weise dem Neuen in der Musik verpflichtet, sie bietet den Akteuren eine B\u00fchne, auf der jeder in seiner Weise und mit seinen Mitteln die Welt des H\u00f6rens bereichern kann. Man kann sich nicht vorstellen, wie diese Einrichtung durch etwas \u201aNeues\u2018 ersetzt werden k\u00f6nnte \u2013 sie selbst ist ja daf\u00fcr da, Neues in die Welt zu bringen, kontinuierlich jede Woche, seit stolzen 25 Jahren. Die K\u00fcnste brauchen solche verl\u00e4sslichen Orte. Gerade im Bereich der Neuen Musik gibt es neben den Festivals davon zu wenig. Diese Konzertreihe finanziell ihrer Grundlage zu entziehen w\u00e4re ein Aderlass, von dem jetzt Niemand sagen kann, dass er sich entsprechend wiedergutmachen lie\u00dfe. Man k\u00f6nnte diese Reihe w\u00f6chentlicher Auff\u00fchrungen Neuer Musik nur ersetzen durch eine Reihe w\u00f6chentlicher Auff\u00fchrungen Neuer Musik. Mit anderen Worten: Es w\u00e4re ein Akt der Sinnlosigkeit, ein solch singul\u00e4res Format, das sich in jahrzehntelanger Arbeit bew\u00e4hrt hat, aus dem Berliner Kulturleben zu streichen.<\/p>\n<p>Herr Renner, Sie haben es in der Hand, eine unselige, offenbar nicht wirklich durchdachte Entscheidung abzuwenden. Sorgen Sie bitte daf\u00fcr, dass die Unerh\u00f6rte Musik bleibt. Sie ist eine bundesweit einzigartige Auff\u00fchrungsreihe f\u00fcr Neue Musik.<\/p>\n<p>Mit freundlichen Gr\u00fc\u00dfen<\/p>\n<p>Johannes Kreidler<br \/>\nBerlin, 10.6.2014<\/p>\n","protected":false},"excerpt":{"rendered":"<p>Wollte ich schon seit Wochen machen, aber irgendwie nicht das Ges\u00e4\u00df hochgekriegt, jetzt also, und ich denke, jeder, aber wirklich jeder in der Neuen Musik d\u00fcrfte \u00c4hnliches denken. Seid so gut und schreibt an den Kulturstaatssekret\u00e4r. Postalisch. (Siehe auch Moritz&#8216; Aufruf) +++++++++++++++++++ Der Regierende B\u00fcrgermeister von Berlin Herrn Staatssekret\u00e4r Tim Renner Senatskanzlei \u2013 Kulturelle Angelegenheiten [&hellip;]<\/p>\n","protected":false},"author":1,"featured_media":0,"comment_status":"open","ping_status":"open","sticky":false,"template":"","format":"standard","meta":{"_links_to":"","_links_to_target":"","footnotes":""},"categories":[12],"tags":[],"class_list":["post-13215","post","type-post","status-publish","format-standard","hentry","category-unkulturflatrate"],"_links":{"self":[{"href":"http:\/\/www.kulturtechno.de\/index.php?rest_route=\/wp\/v2\/posts\/13215"}],"collection":[{"href":"http:\/\/www.kulturtechno.de\/index.php?rest_route=\/wp\/v2\/posts"}],"about":[{"href":"http:\/\/www.kulturtechno.de\/index.php?rest_route=\/wp\/v2\/types\/post"}],"author":[{"embeddable":true,"href":"http:\/\/www.kulturtechno.de\/index.php?rest_route=\/wp\/v2\/users\/1"}],"replies":[{"embeddable":true,"href":"http:\/\/www.kulturtechno.de\/index.php?rest_route=%2Fwp%2Fv2%2Fcomments&post=13215"}],"version-history":[{"count":17,"href":"http:\/\/www.kulturtechno.de\/index.php?rest_route=\/wp\/v2\/posts\/13215\/revisions"}],"predecessor-version":[{"id":13217,"href":"http:\/\/www.kulturtechno.de\/index.php?rest_route=\/wp\/v2\/posts\/13215\/revisions\/13217"}],"wp:attachment":[{"href":"http:\/\/www.kulturtechno.de\/index.php?rest_route=%2Fwp%2Fv2%2Fmedia&parent=13215"}],"wp:term":[{"taxonomy":"category","embeddable":true,"href":"http:\/\/www.kulturtechno.de\/index.php?rest_route=%2Fwp%2Fv2%2Fcategories&post=13215"},{"taxonomy":"post_tag","embeddable":true,"href":"http:\/\/www.kulturtechno.de\/index.php?rest_route=%2Fwp%2Fv2%2Ftags&post=13215"}],"curies":[{"name":"wp","href":"https:\/\/api.w.org\/{rel}","templated":true}]}}