{"id":1184,"date":"2009-04-09T09:58:15","date_gmt":"2009-04-09T07:58:15","guid":{"rendered":"http:\/\/www.kulturtechno.de\/?p=1184"},"modified":"2009-04-09T10:01:22","modified_gmt":"2009-04-09T08:01:22","slug":"goethe-der-filesharer-3","status":"publish","type":"post","link":"http:\/\/www.kulturtechno.de\/?p=1184","title":{"rendered":"Goethe, der Filesharer (3)"},"content":{"rendered":"<p><a href=\"http:\/\/www.bk-siegburg.de\/projekte\/lyrik\/gruppe4\/goethe.jpg\" rel=\"lightbox[1184]\"><img loading=\"lazy\" decoding=\"async\" class=\"alignnone\" src=\"http:\/\/www.bk-siegburg.de\/projekte\/lyrik\/gruppe4\/goethe.jpg\" alt=\"\" width=\"162\" height=\"241\" \/><\/a><a href=\"http:\/\/www.bk-siegburg.de\/projekte\/lyrik\/gruppe4\/goethe.jpg\" rel=\"lightbox[1184]\"><\/a><\/p>\n<p>Aus den <a href=\"http:\/\/www.zeno.org\/Literatur\/M\/Goethe,+Johann+Wolfgang\/Gespr%C3%A4che\/%5BZu+den+Gespr%C3%A4chen%5D\/1828\">Gespr\u00e4chen mit Eckermann<\/a>:<\/p>\n<blockquote>\n<p class=\"zenoPLm4n0\">Ich war heute mit Goethe in seiner Arbeitsstube allein zu Tische; wir sprachen \u00fcber verschiedene literarische Dinge.<\/p>\n<p class=\"zenoPLm4n0\">\u00bbDie Deutschen,\u00ab sagte er, \u00bbk\u00f6nnen die Philisterei nicht los werden. Da quengeln und streiten sie jetzt \u00fcber verschiedene Distichen, die sich bei Schiller gedruckt finden und auch bei mir, und sie meinen, es w\u00e4re von Wichtigkeit, entschieden herauszubringen, welche denn wirklich Schillern geh\u00f6ren und welche mir. Als ob etwas darauf ank\u00e4me, als ob etwas damit gewonnen w\u00fcrde, und als ob es nicht genug w\u00e4re, da\u00df die Sachen da sind!<\/p>\n<p class=\"zenoPLm4n0\">Freunde wie Schiller und ich, jahrelang verbunden, mit gleichen Interessen, in t\u00e4glicher Ber\u00fchrung und gegenseitigem Austausch, lebten sich ineinander so sehr hinein, da\u00df \u00fcberhaupt bei einzelnen Gedanken gar nicht die Rede und Frage sein konnte, ob sie dem einen geh\u00f6rten oder dem andern. Wir haben viele Distichen gemeinschaftlich gemacht, oft hatte ich den Gedanken und Schiller machte die Verse, oft war das Umgekehrte der Fall, und oft machte Schiller den einen Vers und ich den andern. Wie kann nun da von Mein und Dein die Rede sein! Man m\u00fc\u00dfte wirklich selbst noch tief in der Philisterei stecken, wenn man auf die Entscheidung solcher Zweifel nur die mindeste Wichtigkeit legen wollte.\u00ab<\/p>\n<p class=\"zenoPLm4n0\">\u00bbEtwas \u00c4hnliches,\u00ab sagte ich, \u00bbkommt in der literarischen Welt h\u00e4ufig vor, indem man z.B. an dieses oder jenes ber\u00fchmten Mannes Originalit\u00e4t zweifelt und die Quellen auszusp\u00fcren sucht, woher er eine Cultur hat.\u00ab<\/p>\n<p class=\"zenoPLm4n0\">\u00bbDas ist sehr l\u00e4cherlich,\u00ab sagte Goethe; \u00bbman k\u00f6nnte ebenso gut einen wohlgen\u00e4hrten Mann nach den Ochsen, Schafen und Schweinen fragen, die er gegessen und die ihm Kr\u00e4fte gegeben. Wir bringen wohl F\u00e4higkeiten mit, aber unsere Entwickelung verdanken wir tausend Einwirkungen einer gro\u00dfen Welt, aus der wir uns aneignen was wir k\u00f6nnen und was uns gem\u00e4\u00df ist. Ich verdanke den Griechen und Franzosen viel, ich bin Shakespeare, Sterne und Goldsmith Unendliches schuldig geworden. Allein damit sind die Quellen meiner Cultur nicht nachgewiesen; es w\u00fcrde ins Grenzenlose gehen und w\u00e4re auch nicht n\u00f6thig. Die Hauptsache ist, da\u00df man eine Seele habe, die das Wahre liebt und die es aufnimmt wo sie es findet.<\/p>\n<p class=\"zenoPLm4n0\">\u00dcberhaupt,\u00ab fuhr Goethe fort, \u00bbist die Welt jetzt so alt, und es haben seit Jahrtausenden so viele bedeutende Menschen gelebt und gedacht, da\u00df wenig Neues mehr zu finden und zu sagen ist. Meine Farbenlehre ist auch nicht durchaus neu. Plato, Leonardo da Vinci und viele andere Treffliche haben im einzelnen vor mir dasselbige gefunden und gesagt; aber da\u00df ich es auch fand, da\u00df ich es wieder sagte, und da\u00df ich daf\u00fcr strebte, in einer confusen Welt dem Wahren wieder Eingang zu verschaffen, das ist mein Verdienst.<\/p>\n<\/blockquote>\n<p>[ad#ad2]<\/p>\n","protected":false},"excerpt":{"rendered":"<p>Aus den Gespr\u00e4chen mit Eckermann: Ich war heute mit Goethe in seiner Arbeitsstube allein zu Tische; wir sprachen \u00fcber verschiedene literarische Dinge. \u00bbDie Deutschen,\u00ab sagte er, \u00bbk\u00f6nnen die Philisterei nicht los werden. Da quengeln und streiten sie jetzt \u00fcber verschiedene Distichen, die sich bei Schiller gedruckt finden und auch bei mir, und sie meinen, es [&hellip;]<\/p>\n","protected":false},"author":1,"featured_media":0,"comment_status":"open","ping_status":"open","sticky":false,"template":"","format":"standard","meta":{"_links_to":"","_links_to_target":"","footnotes":""},"categories":[11],"tags":[],"class_list":["post-1184","post","type-post","status-publish","format-standard","hentry","category-kopierrecht"],"_links":{"self":[{"href":"http:\/\/www.kulturtechno.de\/index.php?rest_route=\/wp\/v2\/posts\/1184"}],"collection":[{"href":"http:\/\/www.kulturtechno.de\/index.php?rest_route=\/wp\/v2\/posts"}],"about":[{"href":"http:\/\/www.kulturtechno.de\/index.php?rest_route=\/wp\/v2\/types\/post"}],"author":[{"embeddable":true,"href":"http:\/\/www.kulturtechno.de\/index.php?rest_route=\/wp\/v2\/users\/1"}],"replies":[{"embeddable":true,"href":"http:\/\/www.kulturtechno.de\/index.php?rest_route=%2Fwp%2Fv2%2Fcomments&post=1184"}],"version-history":[{"count":6,"href":"http:\/\/www.kulturtechno.de\/index.php?rest_route=\/wp\/v2\/posts\/1184\/revisions"}],"predecessor-version":[{"id":1190,"href":"http:\/\/www.kulturtechno.de\/index.php?rest_route=\/wp\/v2\/posts\/1184\/revisions\/1190"}],"wp:attachment":[{"href":"http:\/\/www.kulturtechno.de\/index.php?rest_route=%2Fwp%2Fv2%2Fmedia&parent=1184"}],"wp:term":[{"taxonomy":"category","embeddable":true,"href":"http:\/\/www.kulturtechno.de\/index.php?rest_route=%2Fwp%2Fv2%2Fcategories&post=1184"},{"taxonomy":"post_tag","embeddable":true,"href":"http:\/\/www.kulturtechno.de\/index.php?rest_route=%2Fwp%2Fv2%2Ftags&post=1184"}],"curies":[{"name":"wp","href":"https:\/\/api.w.org\/{rel}","templated":true}]}}