{"id":1169,"date":"2009-04-07T21:52:05","date_gmt":"2009-04-07T19:52:05","guid":{"rendered":"http:\/\/www.kulturtechno.de\/?p=1169"},"modified":"2009-04-07T22:58:12","modified_gmt":"2009-04-07T20:58:12","slug":"complement-deformation-browser-ausland-berlin","status":"publish","type":"post","link":"http:\/\/www.kulturtechno.de\/?p=1169","title":{"rendered":"&#8222;complement deformation browser&#8230;&#8220; @Ausland \/ Berlin"},"content":{"rendered":"<p>Im Ausland wird mein Streichquartett am morgigen Mittwoch, 8.4.09 uraufgef\u00fchrt. Das <a href=\"http:\/\/www.ausland-berlin.de\/\">Ausland<\/a> liegt in Berlin-Prenzlauer Berg, Lychenerstr.60, und nicht irgendwo au\u00dferhalb der deutschen Grenzen, wie manche denken. Und da spielt das <a href=\"http:\/\/www.sonarquartett.de\/www.sonarquartett.de.html\">Sonar-Quartett<\/a> morgen um 21.30h:<\/p>\n<p>Johannes Kreidler (geb.1980): complement deformation browser&#8230; (2003) UA<\/p>\n<p>Georg Katzer (geb.1935): tempi fragili (2005)<\/p>\n<p>Kirsten Reese (geb.68): Kapsel (2008) UA<\/p>\n<p>Enno Poppe (geb.1969): Tier (2002)<\/p>\n<p><a href=\"http:\/\/www.sonarquartett.de\/www.sonarquartett.de_files\/shapeimage_1.jpg\" rel=\"lightbox[1169]\"><img loading=\"lazy\" decoding=\"async\" alt=\"\" src=\"http:\/\/www.sonarquartett.de\/www.sonarquartett.de_files\/shapeimage_1.jpg\" class=\"alignnone\" width=\"465\" height=\"317\" \/><\/a><\/p>\n<p>Mein St\u00fcck ist ein halbes &#8222;Jugendwerk&#8220;, oder das erste gro\u00dfe Werk mit dem ich mich endg\u00fcltig freigeschrieben habe, wenn auch noch mit der Musiksprache die f\u00fcr Freiburg damals und f\u00fcr die ausklingenden 90er Jahre typisch ist. Aber, das kann ich nach der heutigen Probe sagen, sehr gelungen.<br \/>\nDazu gibt&#8217;s noch zu erz\u00e4hlen, dass ich das St\u00fcck f\u00fcr den deutschen Hochschulwettbewerb geschrieben habe und den 1.Preis erhielt, nur hat die ausrichtende Hochschule, die Musikhochschule Frankfurt, es nicht hingekriegt dass das St\u00fcck beim Preistr\u00e4gerkonzert gespielt wird. Daf\u00fcr hat bei selbigem der Pr\u00e4sident der Hochschule, Thomas Rietschel, vollmundig verk\u00fcndet dass das St\u00fcck zu sp\u00e4terem Zeitpunkt von Frankfurter Spielern nicht nur in Frankfurt, sondern auch in Freiburg gespielt werden w\u00fcrde, etc.ppp. Das folgende Trauerspiel hat mir dann zwei Jahre sp\u00e4ter, nach immer unfreundlicheren Emails von beiden Seiten, der Bratschenprof ausf\u00fchrlich beschrieben, keiner konnte es, die Hochschulstrukturen und -finanzen vermochten es nicht, etc.pppppp. und so bezeichnete man zuletzt Herrn Rietschels \u00c4u\u00dferung als &#8222;Absichtserkl\u00e4rung&#8220;, nicht mehr. So verf\u00e4hrt man in Frankfurt, das stolz ein Institut f\u00fcr Zeitgen\u00f6ssische Musik sein eigen nennt, mit jungen Komponisten. Um so erfreulicher, dass das St\u00fcck doch nicht in der Schubladensenke verschwunden ist sondern von <a href=\"http:\/\/www.susanne-zapf.com\/\">Susanne Zapf<\/a> herausgefischt wurde und nun zur Auff\u00fchrung kommt. Kommet!<\/p>\n<p>[ad#ad2]<\/p>\n","protected":false},"excerpt":{"rendered":"<p>Im Ausland wird mein Streichquartett am morgigen Mittwoch, 8.4.09 uraufgef\u00fchrt. Das Ausland liegt in Berlin-Prenzlauer Berg, Lychenerstr.60, und nicht irgendwo au\u00dferhalb der deutschen Grenzen, wie manche denken. Und da spielt das Sonar-Quartett morgen um 21.30h: Johannes Kreidler (geb.1980): complement deformation browser&#8230; (2003) UA Georg Katzer (geb.1935): tempi fragili (2005) Kirsten Reese (geb.68): Kapsel (2008) UA [&hellip;]<\/p>\n","protected":false},"author":1,"featured_media":0,"comment_status":"closed","ping_status":"open","sticky":false,"template":"","format":"standard","meta":{"_links_to":"","_links_to_target":"","footnotes":""},"categories":[14,3,15],"tags":[],"class_list":["post-1169","post","type-post","status-publish","format-standard","hentry","category-veranstaltungen","category-id","category-kritik-der-reinen-vernunft"],"_links":{"self":[{"href":"http:\/\/www.kulturtechno.de\/index.php?rest_route=\/wp\/v2\/posts\/1169"}],"collection":[{"href":"http:\/\/www.kulturtechno.de\/index.php?rest_route=\/wp\/v2\/posts"}],"about":[{"href":"http:\/\/www.kulturtechno.de\/index.php?rest_route=\/wp\/v2\/types\/post"}],"author":[{"embeddable":true,"href":"http:\/\/www.kulturtechno.de\/index.php?rest_route=\/wp\/v2\/users\/1"}],"replies":[{"embeddable":true,"href":"http:\/\/www.kulturtechno.de\/index.php?rest_route=%2Fwp%2Fv2%2Fcomments&post=1169"}],"version-history":[{"count":5,"href":"http:\/\/www.kulturtechno.de\/index.php?rest_route=\/wp\/v2\/posts\/1169\/revisions"}],"predecessor-version":[{"id":1177,"href":"http:\/\/www.kulturtechno.de\/index.php?rest_route=\/wp\/v2\/posts\/1169\/revisions\/1177"}],"wp:attachment":[{"href":"http:\/\/www.kulturtechno.de\/index.php?rest_route=%2Fwp%2Fv2%2Fmedia&parent=1169"}],"wp:term":[{"taxonomy":"category","embeddable":true,"href":"http:\/\/www.kulturtechno.de\/index.php?rest_route=%2Fwp%2Fv2%2Fcategories&post=1169"},{"taxonomy":"post_tag","embeddable":true,"href":"http:\/\/www.kulturtechno.de\/index.php?rest_route=%2Fwp%2Fv2%2Ftags&post=1169"}],"curies":[{"name":"wp","href":"https:\/\/api.w.org\/{rel}","templated":true}]}}