{"id":11360,"date":"2013-09-14T08:52:44","date_gmt":"2013-09-14T06:52:44","guid":{"rendered":"http:\/\/www.kulturtechno.de\/?p=11360"},"modified":"2013-09-14T09:35:32","modified_gmt":"2013-09-14T07:35:32","slug":"offener-brief-gegen-ausbeutung-in-der-neuen-musik","status":"publish","type":"post","link":"http:\/\/www.kulturtechno.de\/?p=11360","title":{"rendered":"Offener Brief gegen Ausbeutung in der Neuen Musik"},"content":{"rendered":"<p>Diesen offenen Brief eines mir nicht bekannten Studenten aus Essen m\u00f6chte ich hier auch bringen, denn er prangert zu Recht eine <a href=\"http:\/\/musikfabrik.eu\/ueber-uns\/mitarbeiter\/stellenangebote.html\">Stellenanzeige<\/a> im Bereich der Neuen Musik an, bei der Anforderungen und Bezahlung krass auseinanderklaffen.<br \/>\nSo oft es in meinem Dunstkreis ohne Idealismus nicht geht &#8211; eine solche Fulltime-Jobofferte darf es politisch einfach nicht geben. Konzerte, die sich der Rundum-Ausbeutung junger Hochschulabsolventen verdanken, sind keine Hochkultur.<\/p>\n<p>+++++++++++++++++++++++++++++++++++++++++++++++<\/p>\n<p>Sehr geehrte Damen und Herren des Ensembles Musikfabrik,<\/p>\n<p>ich m\u00f6chte ihnen hiermit zu ihrer \u00e4u\u00dferst gelungenen Satire zur aktuellen Situation auf dem Arbeitsmarkt und dem im k\u00fcnstlerischen Bereich und dessen Umfeld g\u00e4ngigen Hang zur Selbstausbeutung gratulieren.<\/p>\n<p>Schon mit der er\u00f6ffnenden Selbstbeschreibung des Ensembles als einem Hort der kreativen Selbstbestimmung und demokratischer Organisationsstruktur, sowie des Internationalen Renomees, das mit den ausgesuchten Interpretationen sowie Auftragskompositionen einhergeht, gelingt es ihnen beim Leser eine wohlwollende Voreingenommenheit f\u00fcr das kommende zu erzeugen.<\/p>\n<p>Hut ab f\u00fcr ihren Mut, sich selbst f\u00fcr diese Satire herzugeben, denn was folgt l\u00e4sst einen das vorangegangene Wohlwollen doch recht schnell vergessen.<\/p>\n<p>Es erinnert an die vielen Berichte in den Medien \u00fcber die \u201cGeneration Praktikum\u201d die sich \u2013 hochqualifiziert \u2013 von einem als \u201cChance auf Entwicklung\u201d bezeichneten Praktikum zum n\u00e4chsten hangelt und dabei harte Arbeit verrichtet, ohne daf\u00fcr auch nur im Ansatz angemessen bezahlt zu werden.<\/p>\n<p>Die von ihnen hier gestellten hohen Anforderungen, angefangen bei Sprach- und Computerkenntnissen sowie der Bereitschaft zu \u00dcberstunden und unter Druck gut arbeiten zu k\u00f6nnen, stehen exemplarisch f\u00fcr obengenanntes \u2013 fast wie aus einem Lehrbuch. Es wird sich hier ja nicht umsonst an Hochschul-Absolventen gewandt.<\/p>\n<p>Das aufgerufene Bruttogehalt von 950 \u20ac ist eine schmerzhafte Erinnerung an das Fehlen eines einheitlichen Mindestlohnes, sowie ein mahnender Fingerzeig an alle Berufsanf\u00e4nger, nicht jedem auf den ersten Blick attraktiven Jobangebot un\u00fcberlegt nachzugehen.<\/p>\n<p>Geht man bei dem von ihnen so trefflich persiflierten \u201cJob-Angebot\u201d, von 22 Arbeitstagen im Monat aus, macht das 176 Stunden. 950 Euro entspricht dann einem Stundenlohn von weniger als 5,40 \u20ac. Nicht zu vergessen, brutto, d.h. netto bleibt noch weniger. Wie sollte man sich davon eine Wohnung finanzieren? Dazu in K\u00f6ln, wo eine 1-Zimmerwohnung mit 16qm ab ca. 285 \u20ac kalt zu bekommen ist. (Kurzer Blick auf http:\/\/www.wg-gesucht.de\/1-zimmer-wohnungen-in-Koeln.73.1.0.0.html). Von den Kosten f\u00fcr Nahrung und etwas Freizeitgestaltung ganz abgesehen.<\/p>\n<p>Dass sie diesen Hungerlohn als Aufwandsentsch\u00e4digung bezeichnen halte ich f\u00fcr eine gelungene Finte in Richtung der in der politischen Umgangssprache gebr\u00e4uchlichen Euphemismen wie Job-Center, Leiharbeit oder Wiedereingliederungsma\u00dfnahmen.<\/p>\n<p>Auch entbindet dieses Wort den damit Angesprochenen davon, diese Stelle als Vollzeitarbeitsstelle zu sehen, da es sich \u2013 diesem Duktus gem\u00e4\u00df \u2013 hierbei ja vor allem um eine Chance f\u00fcr BewerberInnen handeln soll, die<\/p>\n<p>\u201csich f\u00fcr Neue Musik begeistern und gerne in einem kreativen Umfeld arbeiten\u201d<\/p>\n<p>und nicht um einen Knochenjob, in dem regul\u00e4r das dreifache bezahlt wird.<\/p>\n<p>Jedem der schonmal kurzfristig f\u00fcr eher wenig Lohn f\u00fcr die Sache der Kunst\/Kultur gearbeitet hat, ist sich nat\u00fcrlich dar\u00fcber im Klaren, dass nicht jede Einrichtung einen Mindestlohn o.\u00e4. leisten kann. Aber davon ist hier ja auch nicht die Rede.<\/p>\n<p>Da sie \u2013 wie eingangs erw\u00e4hnt \u2013 diese Arbeitsstelle ja vorgeblich f\u00fcr ihr eigenes Ensemble anbieten, ist der letzte Punkt der Satire sicher die Unterfinanzierung, unter der hochrangige Musikalische Institutionen wie die ihre leiden.<\/p>\n<p>Hier wird deutlich dass es nichts hilft wenn in einem Kuratorium vom Kulturdezernent der Stadt K\u00f6ln bis hin zum Pr\u00e4sident des Deutschen Bundestages, alle wichtigen zust\u00e4ndigen Vertreter aus Kultur und Politik vertreten sind und dass die Finanzierung immer nur unter dem w\u00fcnschenswerten Niveau bleiben kann, auch wenn eine F\u00f6rdererliste (http:\/\/musikfabrik.eu\/netzwerk\/aktuelle-foerderer.html) einen anderen Eindruck erwecken mag.<\/p>\n<p>Unter welchen Umst\u00e4nden als unter chronischem, existenziellen Geldmangel, sollte ein Ensemble mit ihren Meriten sonst ein derartig auf die l\u00e4ngerfristige Ausbeutung eines jungen Menschen angelegtes Angebot unterbreiten?<\/p>\n<p>Ich m\u00f6chte abschlie\u00dfend noch einmal betonen, f\u00fcr wie mutig ich es von ihnen halte, ihren eigenen Namen in diesen Text einzubringen, der schmerzhaft an die bestehenden Unzul\u00e4nglichkeiten erinnert, die leider g\u00e4ngige Praxis sind.<\/p>\n<p>Ich hoffe dass er allen eine Mahnung ist, dass junge Menschen f\u00fcr den Kulturbetrieb nicht zum Nulltarif zu haben sind.<\/p>\n<p>Mit hochachtungsvollen Gr\u00fc\u00dfen<\/p>\n<p>Nicolas Kretz<\/p>\n<p>Student der Elektronischen Komposition am ICEM Essen<\/p>\n<p>P.S.: F\u00fcr alle die sich jetzt fragen worum es hierbei geht, habe ich den Originaltext, dem in seiner Aktualit\u00e4t eine gro\u00dfe \u00d6ffentlichkeit geb\u00fchrt, angehangen.<\/p>\n<p>Nachzulesen ist er auch hier:<\/p>\n<p><a href=\"http:\/\/musikfabrik.eu\/ueber-uns\/mitarbeiter\/stellenangebote.html\">http:\/\/musikfabrik.eu\/ueber-uns\/mitarbeiter\/stellenangebote.html<\/a><\/p>\n","protected":false},"excerpt":{"rendered":"<p>Diesen offenen Brief eines mir nicht bekannten Studenten aus Essen m\u00f6chte ich hier auch bringen, denn er prangert zu Recht eine Stellenanzeige im Bereich der Neuen Musik an, bei der Anforderungen und Bezahlung krass auseinanderklaffen. So oft es in meinem Dunstkreis ohne Idealismus nicht geht &#8211; eine solche Fulltime-Jobofferte darf es politisch einfach nicht geben. [&hellip;]<\/p>\n","protected":false},"author":1,"featured_media":0,"comment_status":"open","ping_status":"open","sticky":false,"template":"","format":"standard","meta":{"_links_to":"","_links_to_target":"","footnotes":""},"categories":[15],"tags":[],"class_list":["post-11360","post","type-post","status-publish","format-standard","hentry","category-kritik-der-reinen-vernunft"],"_links":{"self":[{"href":"http:\/\/www.kulturtechno.de\/index.php?rest_route=\/wp\/v2\/posts\/11360"}],"collection":[{"href":"http:\/\/www.kulturtechno.de\/index.php?rest_route=\/wp\/v2\/posts"}],"about":[{"href":"http:\/\/www.kulturtechno.de\/index.php?rest_route=\/wp\/v2\/types\/post"}],"author":[{"embeddable":true,"href":"http:\/\/www.kulturtechno.de\/index.php?rest_route=\/wp\/v2\/users\/1"}],"replies":[{"embeddable":true,"href":"http:\/\/www.kulturtechno.de\/index.php?rest_route=%2Fwp%2Fv2%2Fcomments&post=11360"}],"version-history":[{"count":11,"href":"http:\/\/www.kulturtechno.de\/index.php?rest_route=\/wp\/v2\/posts\/11360\/revisions"}],"predecessor-version":[{"id":11367,"href":"http:\/\/www.kulturtechno.de\/index.php?rest_route=\/wp\/v2\/posts\/11360\/revisions\/11367"}],"wp:attachment":[{"href":"http:\/\/www.kulturtechno.de\/index.php?rest_route=%2Fwp%2Fv2%2Fmedia&parent=11360"}],"wp:term":[{"taxonomy":"category","embeddable":true,"href":"http:\/\/www.kulturtechno.de\/index.php?rest_route=%2Fwp%2Fv2%2Fcategories&post=11360"},{"taxonomy":"post_tag","embeddable":true,"href":"http:\/\/www.kulturtechno.de\/index.php?rest_route=%2Fwp%2Fv2%2Ftags&post=11360"}],"curies":[{"name":"wp","href":"https:\/\/api.w.org\/{rel}","templated":true}]}}