{"id":1108,"date":"2009-03-24T09:55:42","date_gmt":"2009-03-24T07:55:42","guid":{"rendered":"http:\/\/www.kulturtechno.de\/?p=1108"},"modified":"2009-03-24T09:56:03","modified_gmt":"2009-03-24T07:56:03","slug":"quastajan-preis-fur-thomas-karhoff","status":"publish","type":"post","link":"http:\/\/www.kulturtechno.de\/?p=1108","title":{"rendered":"Quastajan-Preis f\u00fcr Thomas Karhoff"},"content":{"rendered":"<p>Billy Wilder sagte mal: Ehrungen sind wie H\u00e4morrhoiden, fr\u00fcher oder sp\u00e4ter kriegt sie jedes Ar*****ch.<\/p>\n<p>Zumindest fraglich darf die Praxis schon genannt werden, die den gr\u00f6\u00dftgehypten Klassikstars dann auch noch stattliche Preise reinschiebt (da sind wir schon wieder bei Wilder) &#8211; Anne-Sophie Mutter\u00a0bekommt den Siemens-Musikpreis, Placido Domingo den Birgit-Nilsson-Preis, und jetzt Thomas Quasthoff den Karajan-Preis.<\/p>\n<p>Theo Geissler von der Neuen Musikzeitung <a href=\"http:\/\/www.nmz.de\/kiz\/nachrichten\/bass-bariton-thomas-quasthoff-erhaelt-den-herbert-von-karajan-musikpreis-2009#comment-540\">dazu<\/a>:<\/p>\n<blockquote><p>Quasthoff-Musikpreis f\u00fcr Karajan?<br \/>\n\u2026ich finde es widerlich, wie da namedropping-motiviert die Kohle hin und her geschoben wird. Wenn der Quasthoff-Preis demn\u00e4chst &#8211; sp\u00e4t posthum &#8211; an Karajan vertickt wird, sollte sich Quasthoff dran erinnern, dass Karajan den Nazis gut gedient hat. Die h\u00e4tten kurze Arme und Kleinwuchs als Euthanasie-Argument realisiert. Also, Quasthoff: weg mit dem Schweinegeld. Vielleicht Hypo-Real-Estate spenden?<br \/>\nmeint: Theo\u00a0Gei\u00dfler.<\/p><\/blockquote>\n","protected":false},"excerpt":{"rendered":"<p>Billy Wilder sagte mal: Ehrungen sind wie H\u00e4morrhoiden, fr\u00fcher oder sp\u00e4ter kriegt sie jedes Ar*****ch. Zumindest fraglich darf die Praxis schon genannt werden, die den gr\u00f6\u00dftgehypten Klassikstars dann auch noch stattliche Preise reinschiebt (da sind wir schon wieder bei Wilder) &#8211; Anne-Sophie Mutter\u00a0bekommt den Siemens-Musikpreis, Placido Domingo den Birgit-Nilsson-Preis, und jetzt Thomas Quasthoff den Karajan-Preis. [&hellip;]<\/p>\n","protected":false},"author":1,"featured_media":0,"comment_status":"closed","ping_status":"open","sticky":false,"template":"","format":"standard","meta":{"_links_to":"","_links_to_target":"","footnotes":""},"categories":[12],"tags":[],"class_list":["post-1108","post","type-post","status-publish","format-standard","hentry","category-unkulturflatrate"],"_links":{"self":[{"href":"http:\/\/www.kulturtechno.de\/index.php?rest_route=\/wp\/v2\/posts\/1108"}],"collection":[{"href":"http:\/\/www.kulturtechno.de\/index.php?rest_route=\/wp\/v2\/posts"}],"about":[{"href":"http:\/\/www.kulturtechno.de\/index.php?rest_route=\/wp\/v2\/types\/post"}],"author":[{"embeddable":true,"href":"http:\/\/www.kulturtechno.de\/index.php?rest_route=\/wp\/v2\/users\/1"}],"replies":[{"embeddable":true,"href":"http:\/\/www.kulturtechno.de\/index.php?rest_route=%2Fwp%2Fv2%2Fcomments&post=1108"}],"version-history":[{"count":2,"href":"http:\/\/www.kulturtechno.de\/index.php?rest_route=\/wp\/v2\/posts\/1108\/revisions"}],"predecessor-version":[{"id":1110,"href":"http:\/\/www.kulturtechno.de\/index.php?rest_route=\/wp\/v2\/posts\/1108\/revisions\/1110"}],"wp:attachment":[{"href":"http:\/\/www.kulturtechno.de\/index.php?rest_route=%2Fwp%2Fv2%2Fmedia&parent=1108"}],"wp:term":[{"taxonomy":"category","embeddable":true,"href":"http:\/\/www.kulturtechno.de\/index.php?rest_route=%2Fwp%2Fv2%2Fcategories&post=1108"},{"taxonomy":"post_tag","embeddable":true,"href":"http:\/\/www.kulturtechno.de\/index.php?rest_route=%2Fwp%2Fv2%2Ftags&post=1108"}],"curies":[{"name":"wp","href":"https:\/\/api.w.org\/{rel}","templated":true}]}}